{"id":2834,"date":"2019-10-22T15:21:26","date_gmt":"2019-10-22T17:21:26","guid":{"rendered":"http:\/\/www.mixbrasil.org.br\/27\/?p=2834"},"modified":"2023-06-14T19:22:42","modified_gmt":"2023-06-14T22:22:42","slug":"music","status":"publish","type":"post","link":"https:\/\/old.mixbrasil.org.br\/27\/music\/","title":{"rendered":"MUSIC"},"content":{"rendered":"<p style=\"text-align: justify;\"><strong>JUP DO BAIRRO<br \/>\n<\/strong><\/p>\n<p style=\"text-align: justify;\">Multi-artist, Jup do Bairro found in the arts, in mid 2007, the possibility to bring her experiences to life. Throughout her trajectory, she\u2019s worked as an educator, spokesperson, styling, actress, singer, performer and event planner, all of it self-taught and shining a light on the narratives that have crossed her fat, black, marginalized, travesti body.<\/p>\n<p style=\"text-align: justify;\">Jup do Bairo has followed Linn da Quebrada as a backing vocalist on her tours Pajub\u00e1 and Trava L\u00ednguas, in Brazil and other countries. In parallel, Jup has garnered attention with her project Bad do Bairro, made with and featuring DJ and musical producer Badsista.<\/p>\n<p style=\"text-align: justify;\">In 2019, Jup debuted on brazilian TV on Canal Brasil network, where she hosts, alongside Linn da Quebrada, the unprecedented talk show TransMiss\u00e3o, and also released her single \u201cCorpo Sem Ju\u00edzo\u201d (Unapologetic Body) and a crowdfunding campaign to produce a visual album, to be released in early 2020.<\/p>\n<hr \/>\n<p style=\"text-align: justify;\"><img loading=\"lazy\" decoding=\"async\" class=\"alignnone size-full wp-image-2675\" src=\"http:\/\/www.mixbrasil.org.br\/27\/wp-content\/uploads\/2019\/10\/Screenshot_5-5.png\" alt=\"\" width=\"963\" height=\"425\" srcset=\"https:\/\/old.mixbrasil.org.br\/27\/wp-content\/uploads\/2019\/10\/Screenshot_5-5.png 963w, https:\/\/old.mixbrasil.org.br\/27\/wp-content\/uploads\/2019\/10\/Screenshot_5-5-300x132.png 300w, https:\/\/old.mixbrasil.org.br\/27\/wp-content\/uploads\/2019\/10\/Screenshot_5-5-768x339.png 768w, https:\/\/old.mixbrasil.org.br\/27\/wp-content\/uploads\/2019\/10\/Screenshot_5-5-696x307.png 696w, https:\/\/old.mixbrasil.org.br\/27\/wp-content\/uploads\/2019\/10\/Screenshot_5-5-952x420.png 952w\" sizes=\"auto, (max-width: 963px) 100vw, 963px\" \/><\/p>\n<p style=\"text-align: justify;\"><strong>NEW TALENTS &#8211; DRAG<br \/>\n<a href=\"https:\/\/www.mixbrasil.org.br\/27\/programacao\/16-de-novembro-sabado\/\">NOV 16<\/a> &#8211; 6PM @ <a href=\"https:\/\/www.mixbrasil.org.br\/27\/ccsp-centro-cultural-sao-paulo\/\">CCSP &#8211; Sala Adoniran Barbosa<\/a><br \/>\n<a href=\"https:\/\/www.mixbrasil.org.br\/27\/programacao\/17-de-novembro-domingo\/\">NOV 17 <\/a>&#8211; 5PM @ <a href=\"https:\/\/www.mixbrasil.org.br\/27\/ccsp-centro-cultural-sao-paulo\/\">CCSP &#8211; Sala Adoniran Barbosa<\/a><br \/>\n<\/strong><\/p>\n<p style=\"text-align: justify;\">Curated by Andr\u00e9 Pomba, New Talents \u2013 Drag, is one of the most waited for attractions of Mix Brasil Festival, and once more is awarding the drag queen who performs best and earns the audience and the jury\u2019s attention on CCSP\u2019s stage.<\/p>\n<p style=\"text-align: justify;\"><img loading=\"lazy\" decoding=\"async\" class=\"alignnone size-full wp-image-2672\" src=\"http:\/\/www.mixbrasil.org.br\/27\/wp-content\/uploads\/2019\/10\/mix-music-2019.jpg\" alt=\"\" width=\"1732\" height=\"1155\" srcset=\"https:\/\/old.mixbrasil.org.br\/27\/wp-content\/uploads\/2019\/10\/mix-music-2019.jpg 1732w, https:\/\/old.mixbrasil.org.br\/27\/wp-content\/uploads\/2019\/10\/mix-music-2019-300x200.jpg 300w, https:\/\/old.mixbrasil.org.br\/27\/wp-content\/uploads\/2019\/10\/mix-music-2019-768x512.jpg 768w, https:\/\/old.mixbrasil.org.br\/27\/wp-content\/uploads\/2019\/10\/mix-music-2019-1024x683.jpg 1024w, https:\/\/old.mixbrasil.org.br\/27\/wp-content\/uploads\/2019\/10\/mix-music-2019-696x464.jpg 696w, https:\/\/old.mixbrasil.org.br\/27\/wp-content\/uploads\/2019\/10\/mix-music-2019-1068x712.jpg 1068w, https:\/\/old.mixbrasil.org.br\/27\/wp-content\/uploads\/2019\/10\/mix-music-2019-630x420.jpg 630w\" sizes=\"auto, (max-width: 1732px) 100vw, 1732px\" \/><\/p>\n<p style=\"text-align: justify;\"><strong>NEW TALENTS &#8211; MIX<br \/>\n<a href=\"https:\/\/www.mixbrasil.org.br\/27\/programacao\/16-de-novembro-sabado\/\">NOV 16<\/a> &#8211; 6PM @ <a href=\"https:\/\/www.mixbrasil.org.br\/27\/ccsp-centro-cultural-sao-paulo\/\">CCSP &#8211; Sala Adoniran Barbosa<\/a><br \/>\n<a href=\"https:\/\/www.mixbrasil.org.br\/27\/programacao\/17-de-novembro-domingo\/\">NOV 17 <\/a>&#8211; 5PM @ <a href=\"https:\/\/www.mixbrasil.org.br\/27\/ccsp-centro-cultural-sao-paulo\/\">CCSP &#8211; Sala Adoniran Barbosa<\/a><br \/>\n<\/strong><\/p>\n<p style=\"text-align: justify;\">A talent show, hosted by Andr\u00e9 Pomba, awarding the best performer.<\/p>\n<p style=\"text-align: justify;\"><img loading=\"lazy\" decoding=\"async\" class=\"alignnone size-full wp-image-2678\" src=\"http:\/\/www.mixbrasil.org.br\/27\/wp-content\/uploads\/2019\/10\/e71fea3231a92b12967fd5a120047a14f60643a0b37cab48eb77fbc07f4873ec_copy_-_h_2017.jpg\" alt=\"\" width=\"928\" height=\"523\" srcset=\"https:\/\/old.mixbrasil.org.br\/27\/wp-content\/uploads\/2019\/10\/e71fea3231a92b12967fd5a120047a14f60643a0b37cab48eb77fbc07f4873ec_copy_-_h_2017.jpg 928w, https:\/\/old.mixbrasil.org.br\/27\/wp-content\/uploads\/2019\/10\/e71fea3231a92b12967fd5a120047a14f60643a0b37cab48eb77fbc07f4873ec_copy_-_h_2017-300x169.jpg 300w, https:\/\/old.mixbrasil.org.br\/27\/wp-content\/uploads\/2019\/10\/e71fea3231a92b12967fd5a120047a14f60643a0b37cab48eb77fbc07f4873ec_copy_-_h_2017-768x433.jpg 768w, https:\/\/old.mixbrasil.org.br\/27\/wp-content\/uploads\/2019\/10\/e71fea3231a92b12967fd5a120047a14f60643a0b37cab48eb77fbc07f4873ec_copy_-_h_2017-696x392.jpg 696w, https:\/\/old.mixbrasil.org.br\/27\/wp-content\/uploads\/2019\/10\/e71fea3231a92b12967fd5a120047a14f60643a0b37cab48eb77fbc07f4873ec_copy_-_h_2017-745x420.jpg 745w\" sizes=\"auto, (max-width: 928px) 100vw, 928px\" \/><\/p>\n<p style=\"text-align: justify;\"><strong>POLITICIZING BEYONC\u00c9 VOL. 2<br \/>\n<a href=\"https:\/\/www.mixbrasil.org.br\/27\/programacao\/19-de-novembro-terca-feira\/\">NOV 19<\/a> &#8211; 8pm @ <a href=\"https:\/\/www.mixbrasil.org.br\/27\/centro-cultural-da-diversidade\/\">Centro Cultural da Diversidade<\/a><br \/>\n<\/strong><\/p>\n<p style=\"text-align: justify;\">The impact of Beyonc\u00e9\u2019s latest productions, the last two albums BEYONC\u00c9 (2013) and Lemonade (2015), has been so strong that led to the offering of courses in universities around the world, as in Copenhagen, Harvard and Rutgers, which inspired this activity. Assuming that pop culture mirrors the current social and political landscapes,\u201dPolitizando Beyonc\u00e9: ra\u00e7a, g\u00eanero e sexualidade\u201d [Beyonce as Politics, race, gender and sexuality] analizes the artist\u2019s aesthetics, encouraging reflections on topics related to the entertainment industry, the dynamics of spectacle and connecting those with racial, gender and sexuality splits. With Ali Prando, philosopher and CNPq researcher on gender, sexuality and feminism through butlerian perspectives, and Maya Ribeiro, post-graduate in psychology, social educator that proposes through black feminism the base transformation and educational empowerment on Uneafro Brasil.<\/p>\n","protected":false},"excerpt":{"rendered":"<p>Mix Music, the musical branch of Mix Brasil Festivel, comes to its 20th edition with visceral shows and new talents.<\/p>\n","protected":false},"author":4,"featured_media":2832,"comment_status":"open","ping_status":"open","sticky":false,"template":"","format":"standard","meta":{"footnotes":""},"categories":[53,59],"tags":[],"class_list":{"0":"post-2834","1":"post","2":"type-post","3":"status-publish","4":"format-standard","5":"has-post-thumbnail","7":"category-mix-music-en","8":"category-spotlight"},"yoast_head":"<!-- This site is optimized with the Yoast SEO plugin v27.4 - https:\/\/yoast.com\/product\/yoast-seo-wordpress\/ -->\n<title>MUSIC - 27\u00ba Festival Mix Brasil | 2019<\/title>\n<meta name=\"robots\" content=\"index, follow, max-snippet:-1, max-image-preview:large, max-video-preview:-1\" \/>\n<link rel=\"canonical\" href=\"https:\/\/old.mixbrasil.org.br\/27\/music\/\" \/>\n<meta property=\"og:locale\" content=\"en_US\" \/>\n<meta property=\"og:type\" content=\"article\" \/>\n<meta property=\"og:title\" content=\"MUSIC - 27\u00ba Festival Mix Brasil | 2019\" \/>\n<meta property=\"og:description\" content=\"Mix Music, the musical branch of Mix Brasil Festivel, comes to its 20th edition with visceral shows and new talents.\" \/>\n<meta property=\"og:url\" content=\"https:\/\/old.mixbrasil.org.br\/27\/music\/\" \/>\n<meta property=\"og:site_name\" content=\"27\u00ba Festival Mix Brasil | 2019\" \/>\n<meta property=\"article:published_time\" content=\"2019-10-22T17:21:26+00:00\" \/>\n<meta property=\"article:modified_time\" content=\"2023-06-14T22:22:42+00:00\" \/>\n<meta property=\"og:image\" content=\"https:\/\/old.mixbrasil.org.br\/27\/wp-content\/uploads\/2019\/10\/Screenshot_5-9.png\" \/>\n\t<meta property=\"og:image:width\" content=\"1209\" \/>\n\t<meta property=\"og:image:height\" content=\"709\" \/>\n\t<meta property=\"og:image:type\" content=\"image\/png\" \/>\n<meta name=\"author\" content=\"Mixbrasil\" \/>\n<meta name=\"twitter:card\" content=\"summary_large_image\" \/>\n<meta name=\"twitter:label1\" content=\"Written by\" \/>\n\t<meta name=\"twitter:data1\" content=\"Mixbrasil\" \/>\n\t<meta name=\"twitter:label2\" content=\"Est. reading time\" \/>\n\t<meta name=\"twitter:data2\" content=\"2 minutes\" \/>\n<script type=\"application\/ld+json\" class=\"yoast-schema-graph\">{\"@context\":\"https:\\\/\\\/schema.org\",\"@graph\":[{\"@type\":\"Article\",\"@id\":\"https:\\\/\\\/old.mixbrasil.org.br\\\/27\\\/music\\\/#article\",\"isPartOf\":{\"@id\":\"https:\\\/\\\/old.mixbrasil.org.br\\\/27\\\/music\\\/\"},\"author\":{\"name\":\"Mixbrasil\",\"@id\":\"https:\\\/\\\/old.mixbrasil.org.br\\\/27\\\/#\\\/schema\\\/person\\\/b7a16d49ff8a087ff8f9cf6bfc114dfa\"},\"headline\":\"MUSIC\",\"datePublished\":\"2019-10-22T17:21:26+00:00\",\"dateModified\":\"2023-06-14T22:22:42+00:00\",\"mainEntityOfPage\":{\"@id\":\"https:\\\/\\\/old.mixbrasil.org.br\\\/27\\\/music\\\/\"},\"wordCount\":387,\"commentCount\":0,\"image\":{\"@id\":\"https:\\\/\\\/old.mixbrasil.org.br\\\/27\\\/music\\\/#primaryimage\"},\"thumbnailUrl\":\"https:\\\/\\\/old.mixbrasil.org.br\\\/27\\\/wp-content\\\/uploads\\\/2019\\\/10\\\/Screenshot_5-9.png\",\"articleSection\":[\"MIX MUSIC\",\"SPOTLIGHT\"],\"inLanguage\":\"en-US\",\"potentialAction\":[{\"@type\":\"CommentAction\",\"name\":\"Comment\",\"target\":[\"https:\\\/\\\/old.mixbrasil.org.br\\\/27\\\/music\\\/#respond\"]}]},{\"@type\":\"WebPage\",\"@id\":\"https:\\\/\\\/old.mixbrasil.org.br\\\/27\\\/music\\\/\",\"url\":\"https:\\\/\\\/old.mixbrasil.org.br\\\/27\\\/music\\\/\",\"name\":\"MUSIC - 27\u00ba Festival Mix Brasil | 2019\",\"isPartOf\":{\"@id\":\"https:\\\/\\\/old.mixbrasil.org.br\\\/27\\\/#website\"},\"primaryImageOfPage\":{\"@id\":\"https:\\\/\\\/old.mixbrasil.org.br\\\/27\\\/music\\\/#primaryimage\"},\"image\":{\"@id\":\"https:\\\/\\\/old.mixbrasil.org.br\\\/27\\\/music\\\/#primaryimage\"},\"thumbnailUrl\":\"https:\\\/\\\/old.mixbrasil.org.br\\\/27\\\/wp-content\\\/uploads\\\/2019\\\/10\\\/Screenshot_5-9.png\",\"datePublished\":\"2019-10-22T17:21:26+00:00\",\"dateModified\":\"2023-06-14T22:22:42+00:00\",\"author\":{\"@id\":\"https:\\\/\\\/old.mixbrasil.org.br\\\/27\\\/#\\\/schema\\\/person\\\/b7a16d49ff8a087ff8f9cf6bfc114dfa\"},\"breadcrumb\":{\"@id\":\"https:\\\/\\\/old.mixbrasil.org.br\\\/27\\\/music\\\/#breadcrumb\"},\"inLanguage\":\"en-US\",\"potentialAction\":[{\"@type\":\"ReadAction\",\"target\":[\"https:\\\/\\\/old.mixbrasil.org.br\\\/27\\\/music\\\/\"]}]},{\"@type\":\"ImageObject\",\"inLanguage\":\"en-US\",\"@id\":\"https:\\\/\\\/old.mixbrasil.org.br\\\/27\\\/music\\\/#primaryimage\",\"url\":\"https:\\\/\\\/old.mixbrasil.org.br\\\/27\\\/wp-content\\\/uploads\\\/2019\\\/10\\\/Screenshot_5-9.png\",\"contentUrl\":\"https:\\\/\\\/old.mixbrasil.org.br\\\/27\\\/wp-content\\\/uploads\\\/2019\\\/10\\\/Screenshot_5-9.png\",\"width\":1209,\"height\":709},{\"@type\":\"BreadcrumbList\",\"@id\":\"https:\\\/\\\/old.mixbrasil.org.br\\\/27\\\/music\\\/#breadcrumb\",\"itemListElement\":[{\"@type\":\"ListItem\",\"position\":1,\"name\":\"In\u00edcio\",\"item\":\"https:\\\/\\\/old.mixbrasil.org.br\\\/27\\\/\"},{\"@type\":\"ListItem\",\"position\":2,\"name\":\"MUSIC\"}]},{\"@type\":\"WebSite\",\"@id\":\"https:\\\/\\\/old.mixbrasil.org.br\\\/27\\\/#website\",\"url\":\"https:\\\/\\\/old.mixbrasil.org.br\\\/27\\\/\",\"name\":\"27\u00ba Festival Mix Brasil | 2019\",\"description\":\"O Maior Festival LGBTQ+ da Am\u00e9rica Latina\",\"potentialAction\":[{\"@type\":\"SearchAction\",\"target\":{\"@type\":\"EntryPoint\",\"urlTemplate\":\"https:\\\/\\\/old.mixbrasil.org.br\\\/27\\\/?s={search_term_string}\"},\"query-input\":{\"@type\":\"PropertyValueSpecification\",\"valueRequired\":true,\"valueName\":\"search_term_string\"}}],\"inLanguage\":\"en-US\"},{\"@type\":\"Person\",\"@id\":\"https:\\\/\\\/old.mixbrasil.org.br\\\/27\\\/#\\\/schema\\\/person\\\/b7a16d49ff8a087ff8f9cf6bfc114dfa\",\"name\":\"Mixbrasil\",\"image\":{\"@type\":\"ImageObject\",\"inLanguage\":\"en-US\",\"@id\":\"https:\\\/\\\/secure.gravatar.com\\\/avatar\\\/b61feeddfc6c5350368dea2cc6bb1e8f93b6cc9f093afdcd02c326c839245eaf?s=96&d=mm&r=g\",\"url\":\"https:\\\/\\\/secure.gravatar.com\\\/avatar\\\/b61feeddfc6c5350368dea2cc6bb1e8f93b6cc9f093afdcd02c326c839245eaf?s=96&d=mm&r=g\",\"contentUrl\":\"https:\\\/\\\/secure.gravatar.com\\\/avatar\\\/b61feeddfc6c5350368dea2cc6bb1e8f93b6cc9f093afdcd02c326c839245eaf?s=96&d=mm&r=g\",\"caption\":\"Mixbrasil\"},\"url\":\"https:\\\/\\\/old.mixbrasil.org.br\\\/27\\\/author\\\/mixbrasil\\\/\"}]}<\/script>\n<!-- \/ Yoast SEO plugin. -->","yoast_head_json":{"title":"MUSIC - 27\u00ba Festival Mix Brasil | 2019","robots":{"index":"index","follow":"follow","max-snippet":"max-snippet:-1","max-image-preview":"max-image-preview:large","max-video-preview":"max-video-preview:-1"},"canonical":"https:\/\/old.mixbrasil.org.br\/27\/music\/","og_locale":"en_US","og_type":"article","og_title":"MUSIC - 27\u00ba Festival Mix Brasil | 2019","og_description":"Mix Music, the musical branch of Mix Brasil Festivel, comes to its 20th edition with visceral shows and new talents.","og_url":"https:\/\/old.mixbrasil.org.br\/27\/music\/","og_site_name":"27\u00ba Festival Mix Brasil | 2019","article_published_time":"2019-10-22T17:21:26+00:00","article_modified_time":"2023-06-14T22:22:42+00:00","og_image":[{"width":1209,"height":709,"url":"https:\/\/old.mixbrasil.org.br\/27\/wp-content\/uploads\/2019\/10\/Screenshot_5-9.png","type":"image\/png"}],"author":"Mixbrasil","twitter_card":"summary_large_image","twitter_misc":{"Written by":"Mixbrasil","Est. reading time":"2 minutes"},"schema":{"@context":"https:\/\/schema.org","@graph":[{"@type":"Article","@id":"https:\/\/old.mixbrasil.org.br\/27\/music\/#article","isPartOf":{"@id":"https:\/\/old.mixbrasil.org.br\/27\/music\/"},"author":{"name":"Mixbrasil","@id":"https:\/\/old.mixbrasil.org.br\/27\/#\/schema\/person\/b7a16d49ff8a087ff8f9cf6bfc114dfa"},"headline":"MUSIC","datePublished":"2019-10-22T17:21:26+00:00","dateModified":"2023-06-14T22:22:42+00:00","mainEntityOfPage":{"@id":"https:\/\/old.mixbrasil.org.br\/27\/music\/"},"wordCount":387,"commentCount":0,"image":{"@id":"https:\/\/old.mixbrasil.org.br\/27\/music\/#primaryimage"},"thumbnailUrl":"https:\/\/old.mixbrasil.org.br\/27\/wp-content\/uploads\/2019\/10\/Screenshot_5-9.png","articleSection":["MIX MUSIC","SPOTLIGHT"],"inLanguage":"en-US","potentialAction":[{"@type":"CommentAction","name":"Comment","target":["https:\/\/old.mixbrasil.org.br\/27\/music\/#respond"]}]},{"@type":"WebPage","@id":"https:\/\/old.mixbrasil.org.br\/27\/music\/","url":"https:\/\/old.mixbrasil.org.br\/27\/music\/","name":"MUSIC - 27\u00ba Festival Mix Brasil | 2019","isPartOf":{"@id":"https:\/\/old.mixbrasil.org.br\/27\/#website"},"primaryImageOfPage":{"@id":"https:\/\/old.mixbrasil.org.br\/27\/music\/#primaryimage"},"image":{"@id":"https:\/\/old.mixbrasil.org.br\/27\/music\/#primaryimage"},"thumbnailUrl":"https:\/\/old.mixbrasil.org.br\/27\/wp-content\/uploads\/2019\/10\/Screenshot_5-9.png","datePublished":"2019-10-22T17:21:26+00:00","dateModified":"2023-06-14T22:22:42+00:00","author":{"@id":"https:\/\/old.mixbrasil.org.br\/27\/#\/schema\/person\/b7a16d49ff8a087ff8f9cf6bfc114dfa"},"breadcrumb":{"@id":"https:\/\/old.mixbrasil.org.br\/27\/music\/#breadcrumb"},"inLanguage":"en-US","potentialAction":[{"@type":"ReadAction","target":["https:\/\/old.mixbrasil.org.br\/27\/music\/"]}]},{"@type":"ImageObject","inLanguage":"en-US","@id":"https:\/\/old.mixbrasil.org.br\/27\/music\/#primaryimage","url":"https:\/\/old.mixbrasil.org.br\/27\/wp-content\/uploads\/2019\/10\/Screenshot_5-9.png","contentUrl":"https:\/\/old.mixbrasil.org.br\/27\/wp-content\/uploads\/2019\/10\/Screenshot_5-9.png","width":1209,"height":709},{"@type":"BreadcrumbList","@id":"https:\/\/old.mixbrasil.org.br\/27\/music\/#breadcrumb","itemListElement":[{"@type":"ListItem","position":1,"name":"In\u00edcio","item":"https:\/\/old.mixbrasil.org.br\/27\/"},{"@type":"ListItem","position":2,"name":"MUSIC"}]},{"@type":"WebSite","@id":"https:\/\/old.mixbrasil.org.br\/27\/#website","url":"https:\/\/old.mixbrasil.org.br\/27\/","name":"27\u00ba Festival Mix Brasil | 2019","description":"O Maior Festival LGBTQ+ da Am\u00e9rica Latina","potentialAction":[{"@type":"SearchAction","target":{"@type":"EntryPoint","urlTemplate":"https:\/\/old.mixbrasil.org.br\/27\/?s={search_term_string}"},"query-input":{"@type":"PropertyValueSpecification","valueRequired":true,"valueName":"search_term_string"}}],"inLanguage":"en-US"},{"@type":"Person","@id":"https:\/\/old.mixbrasil.org.br\/27\/#\/schema\/person\/b7a16d49ff8a087ff8f9cf6bfc114dfa","name":"Mixbrasil","image":{"@type":"ImageObject","inLanguage":"en-US","@id":"https:\/\/secure.gravatar.com\/avatar\/b61feeddfc6c5350368dea2cc6bb1e8f93b6cc9f093afdcd02c326c839245eaf?s=96&d=mm&r=g","url":"https:\/\/secure.gravatar.com\/avatar\/b61feeddfc6c5350368dea2cc6bb1e8f93b6cc9f093afdcd02c326c839245eaf?s=96&d=mm&r=g","contentUrl":"https:\/\/secure.gravatar.com\/avatar\/b61feeddfc6c5350368dea2cc6bb1e8f93b6cc9f093afdcd02c326c839245eaf?s=96&d=mm&r=g","caption":"Mixbrasil"},"url":"https:\/\/old.mixbrasil.org.br\/27\/author\/mixbrasil\/"}]}},"_links":{"self":[{"href":"https:\/\/old.mixbrasil.org.br\/27\/wp-json\/wp\/v2\/posts\/2834","targetHints":{"allow":["GET"]}}],"collection":[{"href":"https:\/\/old.mixbrasil.org.br\/27\/wp-json\/wp\/v2\/posts"}],"about":[{"href":"https:\/\/old.mixbrasil.org.br\/27\/wp-json\/wp\/v2\/types\/post"}],"author":[{"embeddable":true,"href":"https:\/\/old.mixbrasil.org.br\/27\/wp-json\/wp\/v2\/users\/4"}],"replies":[{"embeddable":true,"href":"https:\/\/old.mixbrasil.org.br\/27\/wp-json\/wp\/v2\/comments?post=2834"}],"version-history":[{"count":6,"href":"https:\/\/old.mixbrasil.org.br\/27\/wp-json\/wp\/v2\/posts\/2834\/revisions"}],"predecessor-version":[{"id":5701,"href":"https:\/\/old.mixbrasil.org.br\/27\/wp-json\/wp\/v2\/posts\/2834\/revisions\/5701"}],"wp:featuredmedia":[{"embeddable":true,"href":"https:\/\/old.mixbrasil.org.br\/27\/wp-json\/wp\/v2\/media\/2832"}],"wp:attachment":[{"href":"https:\/\/old.mixbrasil.org.br\/27\/wp-json\/wp\/v2\/media?parent=2834"}],"wp:term":[{"taxonomy":"category","embeddable":true,"href":"https:\/\/old.mixbrasil.org.br\/27\/wp-json\/wp\/v2\/categories?post=2834"},{"taxonomy":"post_tag","embeddable":true,"href":"https:\/\/old.mixbrasil.org.br\/27\/wp-json\/wp\/v2\/tags?post=2834"}],"curies":[{"name":"wp","href":"https:\/\/api.w.org\/{rel}","templated":true}]}}