{"id":3992,"date":"2019-11-01T14:42:27","date_gmt":"2019-11-01T16:42:27","guid":{"rendered":"http:\/\/www.mixbrasil.org.br\/27\/?p=3992"},"modified":"2019-11-01T14:43:39","modified_gmt":"2019-11-01T16:43:39","slug":"lista-de-premiados-de-2018","status":"publish","type":"post","link":"https:\/\/old.mixbrasil.org.br\/27\/lista-de-premiados-de-2018\/","title":{"rendered":"LISTA DE PREMIADOS DE 2018"},"content":{"rendered":"<p><b>FESTIVAL MIX BRASIL DE CULTURA DA DIVERSIDADE 2018<br \/>\n<\/b><b><br \/>\nCOELHOS DE OURO<br \/>\n<\/b><b>\u00a0 \u00a0 \u00a0 Pr\u00eamio do J\u00fari da Mostra Competitiva Brasil<\/b><\/p>\n<ul>\n<li>Melhor Longa-Metragem Brasileiro:\u00a0<b>S\u00d3CRATES<\/b>, de\u00a0<i>Alex Moratto<\/i><\/li>\n<li>Melhor Curta-Metragem Brasileiro:\u00a0<b>REFORMA<\/b>, de\u00a0<i>F\u00e1bio Leal\u00a0<\/i><b>INCENTIVO:<\/b>\u00a0O longa e o curta premiados com o Coelho de Ouro tamb\u00e9m receber\u00e3o os pr\u00eamios\u00a0<b><i>DOTCINE<\/i><\/b>,\u00a0<b><i>CTAV<\/i><\/b>\u00a0e\u00a0<b><i>MISTIKA<\/i><\/b>\u00a0de incentivo \u00e0 realiza\u00e7\u00e3o de seus novos projetos audiovisuais atrav\u00e9s da parceria do Festival Mix Brasil com apoiadores da \u00e1rea cinematogr\u00e1fica.<b>COELHOS DE PRATA<br \/>\n<\/b><b>Pr\u00eamio do J\u00fari da Mostra Competitiva Brasil para Curtas-metragens<\/b><\/li>\n<li>Melhor Dire\u00e7\u00e3o:\u00a0<i>F\u00e1bio Leal<\/i>, por\u00a0<b>REFORMA<\/b><\/li>\n<li>Melhor Roteiro:\u00a0<i>F\u00e1bio Leal<\/i>, por\u00a0<b>REFORMA<\/b><\/li>\n<li>Melhor Interpreta\u00e7\u00e3o:\u00a0<i>Carol Dall Farra<\/i>, por\u00a0<b>MC JESS<\/b><\/li>\n<li>Men\u00e7\u00e3o Honrosa:\u00a0<b>KIBE LANCHES<\/b>, de\u00a0<i>Alexandre Figueir\u00f4a<br \/>\n<\/i><b><br \/>\nPr\u00eamio do J\u00fari da Mostra\u00a0<\/b><strong>Competitiva Brasil para Longas-metragens<\/strong><\/li>\n<li>Melhor Dire\u00e7\u00e3o:\u00a0<i>Alex Moratto<\/i>, por\u00a0<b>S\u00d3CRATES<\/b><\/li>\n<li>Melhor Roteiro:\u00a0<i>Ary Rosa<\/i>, por\u00a0<b>ILHA<\/b><\/li>\n<li>Melhor Interpreta\u00e7\u00e3o:\u00a0<i>Christian Malheiros<\/i>, por\u00a0<b>S\u00d3CRATES<\/b><\/li>\n<li>Men\u00e7\u00e3o Honrosa:\u00a0<b>LEMBRO MAIS DOS CORVOS<\/b>, de\u00a0<i>Gustavo Vinagre<\/i><b>Pr\u00eamio do P\u00fablico<\/b><\/li>\n<li>Melhor Curta-Metragem Nacional:\u00a0<b>DO LADO DILLAH<\/b>, de\u00a0<i>Washington Calegari<\/i><\/li>\n<li>Melhor Curta-Metragem Internacional:\u00a0<b>MARGUERITE<\/b>, de\u00a0<i>Marianne Farley<\/i>\u00a0(Canad\u00e1)<\/li>\n<li>Melhor Longa-Metragem Nacional:\u00a0<b>BIXA TRAVESTY<\/b>, de\u00a0<i>Claudia Priscilla\u00a0<\/i>e\u00a0<i>Kiko Goifman<\/i><\/li>\n<li>Melhor Longa-Metragem Internacional:\u00a0<b>CONQUISTAR, AMAR E VIVER INTENSAMENTE<\/b>, de\u00a0<i>Christophe Honor\u00e9\u00a0<\/i>(Fran\u00e7a)<b>PR\u00caMIOS ESPECIAIS<\/b><\/li>\n<li><b>Pr\u00eamio \u00cdcone Mix:<\/b>\u00a0<i>Jo\u00e3o W. Nery<\/i><\/li>\n<li><b>Pr\u00eamio Suzy Cap\u00f3:<\/b>\u00a0o filme\u00a0<b>ALFREDO N\u00c3O GOSTA DE DESPEDIDAS<\/b>, de\u00a0<i>Andr\u00e9 Medeiros Martins<\/i><\/li>\n<li><b>Pr\u00eamio Canal Brasil de Incentivo ao Curta Metragem:<\/b>\u00a0<b>AQUELES DOIS<\/b>, de\u00a0<i>\u00c9merson Maranh\u00e3o<\/i><\/li>\n<li><b>Pr\u00eamio SescTV:<\/b>\u00a0<b>DO OUTRO LADO<\/b>, de\u00a0<i>Bab Yonk\u00a0<\/i>e<i>\u00a0Federico Evaristo<\/i><\/li>\n<li><b>Pr\u00eamio Encripta:<\/b>\u00a0<b>O SUSSURRO DO JAGUAR<\/b>, de\u00a0<i>Thais Guisasola\u00a0<\/i>e<i>\u00a0Simon(e) Jaikiriuma Paetau<\/i><\/li>\n<li><b>Pr\u00eamio Show do Gongo<\/b>:\u00a0<a href=\"https:\/\/gay.blog.br\/humor\/video-carnavrau-ppt-e-o-vencedor-do-show-do-gongo-no-festival-mix-brasil-2018\/\"><b>CARNAVRAU.PPT<\/b><\/a>, de\u00a0<i>Vin\u00edcius Yamada<\/i><\/li>\n<li><b>Pr\u00eamio Ida Feldman:<\/b>\u00a0<i>Julia Katharine<\/i>, atriz de\u00a0<b>LEMBRO MAIS DOS CORVOS<\/b>\u00a0e diretora de\u00a0<b>TEA FOR TWO<\/b><a href=\"https:\/\/gay.blog.br\/humor\/assista-ao-hilario-video-carnavrau-vencedor-do-show-do-gongo-do-festival-mixbrasil-2018\/\">.<\/a><\/li>\n<\/ul>\n","protected":false},"excerpt":{"rendered":"<p>FESTIVAL MIX BRASIL DE CULTURA DA DIVERSIDADE 2018 COELHOS DE OURO \u00a0 \u00a0 \u00a0 Pr\u00eamio do J\u00fari da Mostra Competitiva Brasil Melhor Longa-Metragem Brasileiro:\u00a0S\u00d3CRATES, de\u00a0Alex Moratto Melhor Curta-Metragem Brasileiro:\u00a0REFORMA, de\u00a0F\u00e1bio Leal\u00a0INCENTIVO:\u00a0O longa e o curta premiados com o Coelho de Ouro tamb\u00e9m receber\u00e3o os pr\u00eamios\u00a0DOTCINE,\u00a0CTAV\u00a0e\u00a0MISTIKA\u00a0de incentivo \u00e0 realiza\u00e7\u00e3o de seus novos projetos audiovisuais atrav\u00e9s da [&hellip;]<\/p>\n","protected":false},"author":4,"featured_media":1096,"comment_status":"open","ping_status":"open","sticky":false,"template":"","format":"standard","meta":{"footnotes":""},"categories":[93],"tags":[],"class_list":{"0":"post-3992","1":"post","2":"type-post","3":"status-publish","4":"format-standard","5":"has-post-thumbnail","7":"category-galeria"},"yoast_head":"<!-- This site is optimized with the Yoast SEO plugin v27.4 - https:\/\/yoast.com\/product\/yoast-seo-wordpress\/ -->\n<title>LISTA DE PREMIADOS DE 2018 - 27\u00ba Festival Mix Brasil | 2019<\/title>\n<meta name=\"robots\" content=\"index, follow, max-snippet:-1, max-image-preview:large, max-video-preview:-1\" \/>\n<link rel=\"canonical\" href=\"https:\/\/old.mixbrasil.org.br\/27\/lista-de-premiados-de-2018\/\" \/>\n<meta property=\"og:locale\" content=\"en_US\" \/>\n<meta property=\"og:type\" content=\"article\" \/>\n<meta property=\"og:title\" content=\"LISTA DE PREMIADOS DE 2018 - 27\u00ba Festival Mix Brasil | 2019\" \/>\n<meta property=\"og:description\" content=\"FESTIVAL MIX BRASIL DE CULTURA DA DIVERSIDADE 2018 COELHOS DE OURO \u00a0 \u00a0 \u00a0 Pr\u00eamio do J\u00fari da Mostra Competitiva Brasil Melhor Longa-Metragem Brasileiro:\u00a0S\u00d3CRATES, de\u00a0Alex Moratto Melhor Curta-Metragem Brasileiro:\u00a0REFORMA, de\u00a0F\u00e1bio Leal\u00a0INCENTIVO:\u00a0O longa e o curta premiados com o Coelho de Ouro tamb\u00e9m receber\u00e3o os pr\u00eamios\u00a0DOTCINE,\u00a0CTAV\u00a0e\u00a0MISTIKA\u00a0de incentivo \u00e0 realiza\u00e7\u00e3o de seus novos projetos audiovisuais atrav\u00e9s da [&hellip;]\" \/>\n<meta property=\"og:url\" content=\"https:\/\/old.mixbrasil.org.br\/27\/lista-de-premiados-de-2018\/\" \/>\n<meta property=\"og:site_name\" content=\"27\u00ba Festival Mix Brasil | 2019\" \/>\n<meta property=\"article:published_time\" content=\"2019-11-01T16:42:27+00:00\" \/>\n<meta property=\"article:modified_time\" content=\"2019-11-01T16:43:39+00:00\" \/>\n<meta property=\"og:image\" content=\"https:\/\/old.mixbrasil.org.br\/27\/wp-content\/uploads\/2018\/11\/premiao-vencedores.jpg\" \/>\n\t<meta property=\"og:image:width\" content=\"960\" \/>\n\t<meta property=\"og:image:height\" content=\"640\" \/>\n\t<meta property=\"og:image:type\" content=\"image\/jpeg\" \/>\n<meta name=\"author\" content=\"Mixbrasil\" \/>\n<meta name=\"twitter:card\" content=\"summary_large_image\" \/>\n<meta name=\"twitter:label1\" content=\"Written by\" \/>\n\t<meta name=\"twitter:data1\" content=\"Mixbrasil\" \/>\n\t<meta name=\"twitter:label2\" content=\"Est. reading time\" \/>\n\t<meta name=\"twitter:data2\" content=\"2 minutes\" \/>\n<script type=\"application\/ld+json\" class=\"yoast-schema-graph\">{\"@context\":\"https:\\\/\\\/schema.org\",\"@graph\":[{\"@type\":\"Article\",\"@id\":\"https:\\\/\\\/old.mixbrasil.org.br\\\/27\\\/lista-de-premiados-de-2018\\\/#article\",\"isPartOf\":{\"@id\":\"https:\\\/\\\/old.mixbrasil.org.br\\\/27\\\/lista-de-premiados-de-2018\\\/\"},\"author\":{\"name\":\"Mixbrasil\",\"@id\":\"https:\\\/\\\/old.mixbrasil.org.br\\\/27\\\/#\\\/schema\\\/person\\\/b7a16d49ff8a087ff8f9cf6bfc114dfa\"},\"headline\":\"LISTA DE PREMIADOS DE 2018\",\"datePublished\":\"2019-11-01T16:42:27+00:00\",\"dateModified\":\"2019-11-01T16:43:39+00:00\",\"mainEntityOfPage\":{\"@id\":\"https:\\\/\\\/old.mixbrasil.org.br\\\/27\\\/lista-de-premiados-de-2018\\\/\"},\"wordCount\":319,\"commentCount\":0,\"image\":{\"@id\":\"https:\\\/\\\/old.mixbrasil.org.br\\\/27\\\/lista-de-premiados-de-2018\\\/#primaryimage\"},\"thumbnailUrl\":\"https:\\\/\\\/old.mixbrasil.org.br\\\/27\\\/wp-content\\\/uploads\\\/2018\\\/11\\\/premiao-vencedores.jpg\",\"articleSection\":[\"GALERIA\"],\"inLanguage\":\"en-US\",\"potentialAction\":[{\"@type\":\"CommentAction\",\"name\":\"Comment\",\"target\":[\"https:\\\/\\\/old.mixbrasil.org.br\\\/27\\\/lista-de-premiados-de-2018\\\/#respond\"]}]},{\"@type\":\"WebPage\",\"@id\":\"https:\\\/\\\/old.mixbrasil.org.br\\\/27\\\/lista-de-premiados-de-2018\\\/\",\"url\":\"https:\\\/\\\/old.mixbrasil.org.br\\\/27\\\/lista-de-premiados-de-2018\\\/\",\"name\":\"LISTA DE PREMIADOS DE 2018 - 27\u00ba Festival Mix Brasil | 2019\",\"isPartOf\":{\"@id\":\"https:\\\/\\\/old.mixbrasil.org.br\\\/27\\\/#website\"},\"primaryImageOfPage\":{\"@id\":\"https:\\\/\\\/old.mixbrasil.org.br\\\/27\\\/lista-de-premiados-de-2018\\\/#primaryimage\"},\"image\":{\"@id\":\"https:\\\/\\\/old.mixbrasil.org.br\\\/27\\\/lista-de-premiados-de-2018\\\/#primaryimage\"},\"thumbnailUrl\":\"https:\\\/\\\/old.mixbrasil.org.br\\\/27\\\/wp-content\\\/uploads\\\/2018\\\/11\\\/premiao-vencedores.jpg\",\"datePublished\":\"2019-11-01T16:42:27+00:00\",\"dateModified\":\"2019-11-01T16:43:39+00:00\",\"author\":{\"@id\":\"https:\\\/\\\/old.mixbrasil.org.br\\\/27\\\/#\\\/schema\\\/person\\\/b7a16d49ff8a087ff8f9cf6bfc114dfa\"},\"breadcrumb\":{\"@id\":\"https:\\\/\\\/old.mixbrasil.org.br\\\/27\\\/lista-de-premiados-de-2018\\\/#breadcrumb\"},\"inLanguage\":\"en-US\",\"potentialAction\":[{\"@type\":\"ReadAction\",\"target\":[\"https:\\\/\\\/old.mixbrasil.org.br\\\/27\\\/lista-de-premiados-de-2018\\\/\"]}]},{\"@type\":\"ImageObject\",\"inLanguage\":\"en-US\",\"@id\":\"https:\\\/\\\/old.mixbrasil.org.br\\\/27\\\/lista-de-premiados-de-2018\\\/#primaryimage\",\"url\":\"https:\\\/\\\/old.mixbrasil.org.br\\\/27\\\/wp-content\\\/uploads\\\/2018\\\/11\\\/premiao-vencedores.jpg\",\"contentUrl\":\"https:\\\/\\\/old.mixbrasil.org.br\\\/27\\\/wp-content\\\/uploads\\\/2018\\\/11\\\/premiao-vencedores.jpg\",\"width\":960,\"height\":640},{\"@type\":\"BreadcrumbList\",\"@id\":\"https:\\\/\\\/old.mixbrasil.org.br\\\/27\\\/lista-de-premiados-de-2018\\\/#breadcrumb\",\"itemListElement\":[{\"@type\":\"ListItem\",\"position\":1,\"name\":\"In\u00edcio\",\"item\":\"https:\\\/\\\/old.mixbrasil.org.br\\\/27\\\/\"},{\"@type\":\"ListItem\",\"position\":2,\"name\":\"LISTA DE PREMIADOS DE 2018\"}]},{\"@type\":\"WebSite\",\"@id\":\"https:\\\/\\\/old.mixbrasil.org.br\\\/27\\\/#website\",\"url\":\"https:\\\/\\\/old.mixbrasil.org.br\\\/27\\\/\",\"name\":\"27\u00ba Festival Mix Brasil | 2019\",\"description\":\"O Maior Festival LGBTQ+ da Am\u00e9rica Latina\",\"potentialAction\":[{\"@type\":\"SearchAction\",\"target\":{\"@type\":\"EntryPoint\",\"urlTemplate\":\"https:\\\/\\\/old.mixbrasil.org.br\\\/27\\\/?s={search_term_string}\"},\"query-input\":{\"@type\":\"PropertyValueSpecification\",\"valueRequired\":true,\"valueName\":\"search_term_string\"}}],\"inLanguage\":\"en-US\"},{\"@type\":\"Person\",\"@id\":\"https:\\\/\\\/old.mixbrasil.org.br\\\/27\\\/#\\\/schema\\\/person\\\/b7a16d49ff8a087ff8f9cf6bfc114dfa\",\"name\":\"Mixbrasil\",\"image\":{\"@type\":\"ImageObject\",\"inLanguage\":\"en-US\",\"@id\":\"https:\\\/\\\/secure.gravatar.com\\\/avatar\\\/b61feeddfc6c5350368dea2cc6bb1e8f93b6cc9f093afdcd02c326c839245eaf?s=96&d=mm&r=g\",\"url\":\"https:\\\/\\\/secure.gravatar.com\\\/avatar\\\/b61feeddfc6c5350368dea2cc6bb1e8f93b6cc9f093afdcd02c326c839245eaf?s=96&d=mm&r=g\",\"contentUrl\":\"https:\\\/\\\/secure.gravatar.com\\\/avatar\\\/b61feeddfc6c5350368dea2cc6bb1e8f93b6cc9f093afdcd02c326c839245eaf?s=96&d=mm&r=g\",\"caption\":\"Mixbrasil\"},\"url\":\"https:\\\/\\\/old.mixbrasil.org.br\\\/27\\\/author\\\/mixbrasil\\\/\"}]}<\/script>\n<!-- \/ Yoast SEO plugin. -->","yoast_head_json":{"title":"LISTA DE PREMIADOS DE 2018 - 27\u00ba Festival Mix Brasil | 2019","robots":{"index":"index","follow":"follow","max-snippet":"max-snippet:-1","max-image-preview":"max-image-preview:large","max-video-preview":"max-video-preview:-1"},"canonical":"https:\/\/old.mixbrasil.org.br\/27\/lista-de-premiados-de-2018\/","og_locale":"en_US","og_type":"article","og_title":"LISTA DE PREMIADOS DE 2018 - 27\u00ba Festival Mix Brasil | 2019","og_description":"FESTIVAL MIX BRASIL DE CULTURA DA DIVERSIDADE 2018 COELHOS DE OURO \u00a0 \u00a0 \u00a0 Pr\u00eamio do J\u00fari da Mostra Competitiva Brasil Melhor Longa-Metragem Brasileiro:\u00a0S\u00d3CRATES, de\u00a0Alex Moratto Melhor Curta-Metragem Brasileiro:\u00a0REFORMA, de\u00a0F\u00e1bio Leal\u00a0INCENTIVO:\u00a0O longa e o curta premiados com o Coelho de Ouro tamb\u00e9m receber\u00e3o os pr\u00eamios\u00a0DOTCINE,\u00a0CTAV\u00a0e\u00a0MISTIKA\u00a0de incentivo \u00e0 realiza\u00e7\u00e3o de seus novos projetos audiovisuais atrav\u00e9s da [&hellip;]","og_url":"https:\/\/old.mixbrasil.org.br\/27\/lista-de-premiados-de-2018\/","og_site_name":"27\u00ba Festival Mix Brasil | 2019","article_published_time":"2019-11-01T16:42:27+00:00","article_modified_time":"2019-11-01T16:43:39+00:00","og_image":[{"width":960,"height":640,"url":"https:\/\/old.mixbrasil.org.br\/27\/wp-content\/uploads\/2018\/11\/premiao-vencedores.jpg","type":"image\/jpeg"}],"author":"Mixbrasil","twitter_card":"summary_large_image","twitter_misc":{"Written by":"Mixbrasil","Est. reading time":"2 minutes"},"schema":{"@context":"https:\/\/schema.org","@graph":[{"@type":"Article","@id":"https:\/\/old.mixbrasil.org.br\/27\/lista-de-premiados-de-2018\/#article","isPartOf":{"@id":"https:\/\/old.mixbrasil.org.br\/27\/lista-de-premiados-de-2018\/"},"author":{"name":"Mixbrasil","@id":"https:\/\/old.mixbrasil.org.br\/27\/#\/schema\/person\/b7a16d49ff8a087ff8f9cf6bfc114dfa"},"headline":"LISTA DE PREMIADOS DE 2018","datePublished":"2019-11-01T16:42:27+00:00","dateModified":"2019-11-01T16:43:39+00:00","mainEntityOfPage":{"@id":"https:\/\/old.mixbrasil.org.br\/27\/lista-de-premiados-de-2018\/"},"wordCount":319,"commentCount":0,"image":{"@id":"https:\/\/old.mixbrasil.org.br\/27\/lista-de-premiados-de-2018\/#primaryimage"},"thumbnailUrl":"https:\/\/old.mixbrasil.org.br\/27\/wp-content\/uploads\/2018\/11\/premiao-vencedores.jpg","articleSection":["GALERIA"],"inLanguage":"en-US","potentialAction":[{"@type":"CommentAction","name":"Comment","target":["https:\/\/old.mixbrasil.org.br\/27\/lista-de-premiados-de-2018\/#respond"]}]},{"@type":"WebPage","@id":"https:\/\/old.mixbrasil.org.br\/27\/lista-de-premiados-de-2018\/","url":"https:\/\/old.mixbrasil.org.br\/27\/lista-de-premiados-de-2018\/","name":"LISTA DE PREMIADOS DE 2018 - 27\u00ba Festival Mix Brasil | 2019","isPartOf":{"@id":"https:\/\/old.mixbrasil.org.br\/27\/#website"},"primaryImageOfPage":{"@id":"https:\/\/old.mixbrasil.org.br\/27\/lista-de-premiados-de-2018\/#primaryimage"},"image":{"@id":"https:\/\/old.mixbrasil.org.br\/27\/lista-de-premiados-de-2018\/#primaryimage"},"thumbnailUrl":"https:\/\/old.mixbrasil.org.br\/27\/wp-content\/uploads\/2018\/11\/premiao-vencedores.jpg","datePublished":"2019-11-01T16:42:27+00:00","dateModified":"2019-11-01T16:43:39+00:00","author":{"@id":"https:\/\/old.mixbrasil.org.br\/27\/#\/schema\/person\/b7a16d49ff8a087ff8f9cf6bfc114dfa"},"breadcrumb":{"@id":"https:\/\/old.mixbrasil.org.br\/27\/lista-de-premiados-de-2018\/#breadcrumb"},"inLanguage":"en-US","potentialAction":[{"@type":"ReadAction","target":["https:\/\/old.mixbrasil.org.br\/27\/lista-de-premiados-de-2018\/"]}]},{"@type":"ImageObject","inLanguage":"en-US","@id":"https:\/\/old.mixbrasil.org.br\/27\/lista-de-premiados-de-2018\/#primaryimage","url":"https:\/\/old.mixbrasil.org.br\/27\/wp-content\/uploads\/2018\/11\/premiao-vencedores.jpg","contentUrl":"https:\/\/old.mixbrasil.org.br\/27\/wp-content\/uploads\/2018\/11\/premiao-vencedores.jpg","width":960,"height":640},{"@type":"BreadcrumbList","@id":"https:\/\/old.mixbrasil.org.br\/27\/lista-de-premiados-de-2018\/#breadcrumb","itemListElement":[{"@type":"ListItem","position":1,"name":"In\u00edcio","item":"https:\/\/old.mixbrasil.org.br\/27\/"},{"@type":"ListItem","position":2,"name":"LISTA DE PREMIADOS DE 2018"}]},{"@type":"WebSite","@id":"https:\/\/old.mixbrasil.org.br\/27\/#website","url":"https:\/\/old.mixbrasil.org.br\/27\/","name":"27\u00ba Festival Mix Brasil | 2019","description":"O Maior Festival LGBTQ+ da Am\u00e9rica Latina","potentialAction":[{"@type":"SearchAction","target":{"@type":"EntryPoint","urlTemplate":"https:\/\/old.mixbrasil.org.br\/27\/?s={search_term_string}"},"query-input":{"@type":"PropertyValueSpecification","valueRequired":true,"valueName":"search_term_string"}}],"inLanguage":"en-US"},{"@type":"Person","@id":"https:\/\/old.mixbrasil.org.br\/27\/#\/schema\/person\/b7a16d49ff8a087ff8f9cf6bfc114dfa","name":"Mixbrasil","image":{"@type":"ImageObject","inLanguage":"en-US","@id":"https:\/\/secure.gravatar.com\/avatar\/b61feeddfc6c5350368dea2cc6bb1e8f93b6cc9f093afdcd02c326c839245eaf?s=96&d=mm&r=g","url":"https:\/\/secure.gravatar.com\/avatar\/b61feeddfc6c5350368dea2cc6bb1e8f93b6cc9f093afdcd02c326c839245eaf?s=96&d=mm&r=g","contentUrl":"https:\/\/secure.gravatar.com\/avatar\/b61feeddfc6c5350368dea2cc6bb1e8f93b6cc9f093afdcd02c326c839245eaf?s=96&d=mm&r=g","caption":"Mixbrasil"},"url":"https:\/\/old.mixbrasil.org.br\/27\/author\/mixbrasil\/"}]}},"_links":{"self":[{"href":"https:\/\/old.mixbrasil.org.br\/27\/wp-json\/wp\/v2\/posts\/3992","targetHints":{"allow":["GET"]}}],"collection":[{"href":"https:\/\/old.mixbrasil.org.br\/27\/wp-json\/wp\/v2\/posts"}],"about":[{"href":"https:\/\/old.mixbrasil.org.br\/27\/wp-json\/wp\/v2\/types\/post"}],"author":[{"embeddable":true,"href":"https:\/\/old.mixbrasil.org.br\/27\/wp-json\/wp\/v2\/users\/4"}],"replies":[{"embeddable":true,"href":"https:\/\/old.mixbrasil.org.br\/27\/wp-json\/wp\/v2\/comments?post=3992"}],"version-history":[{"count":3,"href":"https:\/\/old.mixbrasil.org.br\/27\/wp-json\/wp\/v2\/posts\/3992\/revisions"}],"predecessor-version":[{"id":3995,"href":"https:\/\/old.mixbrasil.org.br\/27\/wp-json\/wp\/v2\/posts\/3992\/revisions\/3995"}],"wp:featuredmedia":[{"embeddable":true,"href":"https:\/\/old.mixbrasil.org.br\/27\/wp-json\/wp\/v2\/media\/1096"}],"wp:attachment":[{"href":"https:\/\/old.mixbrasil.org.br\/27\/wp-json\/wp\/v2\/media?parent=3992"}],"wp:term":[{"taxonomy":"category","embeddable":true,"href":"https:\/\/old.mixbrasil.org.br\/27\/wp-json\/wp\/v2\/categories?post=3992"},{"taxonomy":"post_tag","embeddable":true,"href":"https:\/\/old.mixbrasil.org.br\/27\/wp-json\/wp\/v2\/tags?post=3992"}],"curies":[{"name":"wp","href":"https:\/\/api.w.org\/{rel}","templated":true}]}}