{"id":43331,"date":"2020-10-31T22:15:40","date_gmt":"2020-11-01T01:15:40","guid":{"rendered":"http:\/\/www.mixbrasil.org.br\/28\/?p=43331"},"modified":"2020-11-17T10:45:58","modified_gmt":"2020-11-17T13:45:58","slug":"a-cidade-era-nossa-feminismo-radical-nos-anos-70","status":"publish","type":"post","link":"https:\/\/old.mixbrasil.org.br\/28\/a-cidade-era-nossa-feminismo-radical-nos-anos-70\/","title":{"rendered":"A Cidade Era Nossa. Feminismo radical nos anos 70"},"content":{"rendered":"<pre><strong><span data-sheets-formula-bar-text-style=\"font-size:13px;color:#000000;font-weight:normal;text-decoration:none;font-family:'Arial';font-style:normal;text-decoration-skip-ink:none;\">\u00bb <\/span><\/strong>at\u00e9 22\/11 ou at\u00e9 esgotarem os acessos<\/pre>\n<p><a href=\"https:\/\/innsaei.tv\/#\/detalhes\/cd12aa2b-155f-4bcc-8b63-fd1c2a941896\"><span class=\"td_btn td_btn_md td_shadow_btn\" style=\"color: #ffffff;\">CLIQUE AQUI PARA ASSISTIR<\/span><\/a><\/p>\n<p style=\"text-align: justify;\"><em>Classifica\u00e7\u00e3o: 14 anos<\/em><\/p>\n<p style=\"text-align: justify;\"><strong>DIRE\u00c7\u00c3O:<\/strong> Netty van Hoorn<br \/>\n<strong>PA\u00cdS:<\/strong> Pa\u00edses Baixos<br \/>\n<strong>ANO:<\/strong>\u00a02020<br \/>\n<strong>DURA\u00c7\u00c3O:<\/strong> 70&#8242;<\/p>\n<p style=\"text-align: justify;\">Roteiro\/Screenplay: Netty van Hoorn<br \/>\nFotografia\/Cinematography: Onno van der Wal , Netty van Hoorn<br \/>\nMontagem\/Editing: Niels Dekker<br \/>\nSom\/Sound: Onno van der Wal , Netty van Hoorn<br \/>\nProdu\u00e7\u00e3o\/Production: Netty van Hoorn<\/p>\n<p style=\"text-align: justify;\"><strong>SINOPSE:<\/strong> O movimento l\u00e9sbico holand\u00eas foi uma for\u00e7a motriz dentro do feminismo do pa\u00eds e entrou com for\u00e7a total na d\u00e9cada de 1970. De manifesta\u00e7\u00f5es a a\u00e7\u00f5es de ocupa\u00e7\u00e3o, de abertura de caf\u00e9s femininos, livrarias, financiamento de coletivos a gr\u00e1ficas, as mulheres estavam tomando de volta a rua e a cidade. As paredes da cidade foram cobertas com slogans misteriosos como &#8220;Ela est\u00e1 chegando&#8221; e &#8220;N\u00f3s amamos a lua&#8221;, enquanto a sociedade estava sendo ativamente redefinida. Toda uma mudan\u00e7a de paradigma cultural captada neste document\u00e1rio, com entrevistas, imagens hist\u00f3ricas e material f\u00edlmico.<\/p>\n<p style=\"text-align: justify;\"><strong><img loading=\"lazy\" decoding=\"async\" class=\"alignright size-full wp-image-43334\" src=\"http:\/\/www.mixbrasil.org.br\/28\/wp-content\/uploads\/2020\/10\/50506335758_85c27f5d22_w.jpg\" alt=\"\" width=\"295\" height=\"400\" srcset=\"https:\/\/old.mixbrasil.org.br\/28\/wp-content\/uploads\/2020\/10\/50506335758_85c27f5d22_w.jpg 295w, https:\/\/old.mixbrasil.org.br\/28\/wp-content\/uploads\/2020\/10\/50506335758_85c27f5d22_w-221x300.jpg 221w, https:\/\/old.mixbrasil.org.br\/28\/wp-content\/uploads\/2020\/10\/50506335758_85c27f5d22_w-150x203.jpg 150w\" sizes=\"auto, (max-width: 295px) 100vw, 295px\" \/>Filmografia da diretora:<\/strong><\/p>\n<p style=\"text-align: left;\">2016 Club Gewalt<br \/>\n2016 Dit Had Ook Mij Kunnen Overkomen<br \/>\n2012 NPS: Het Nieuwe Huis van Olga Zuiderhoek<br \/>\n2011 Het Oogziekenhuis<br \/>\n2007 Een Noodlottige Ontmoeting<br \/>\n2007 De Droomfabriek<br \/>\n2005 Macbeth aan de Maas<br \/>\n2004 Circus en Vari\u00e9t\u00e9 &#8211; Het Bloed Kruipt&#8230;<br \/>\n2000 Willem Breuker &#8220;Time is an Empty Bottle of Wine&#8221;<br \/>\n1995 Na de Oorlog<br \/>\n1994 The International Singing Star Leo Fuld<br \/>\n1993 De Watersnoodramp<br \/>\n1992 Vari\u00e9t\u00e9, Artiest Voor &#8216;t Leven<br \/>\n1990 Gelati<br \/>\n1989 Sweet &amp; Hot Music<br \/>\n1986 In de War<br \/>\n1984 Een Kwartslag over \u2018Euthanasie\u2019<br \/>\n1983 Muri\u00ebl, Ellen, Petra<\/p>\n","protected":false},"excerpt":{"rendered":"<p>O movimento l\u00e9sbico holand\u00eas foi uma for\u00e7a motriz dentro do feminismo do pa\u00eds e entrou com for\u00e7a total na d\u00e9cada de 1970<\/p>\n","protected":false},"author":10,"featured_media":43332,"comment_status":"open","ping_status":"open","sticky":false,"template":"","format":"standard","meta":{"footnotes":""},"categories":[367],"tags":[],"class_list":{"0":"post-43331","1":"post","2":"type-post","3":"status-publish","4":"format-standard","5":"has-post-thumbnail","7":"category-panorama-internacional"},"yoast_head":"<!-- This site is optimized with the Yoast SEO plugin v27.5 - https:\/\/yoast.com\/product\/yoast-seo-wordpress\/ -->\n<title>A Cidade Era Nossa. Feminismo radical nos anos 70 - 28\u00ba Festival MixBrasil | 2020<\/title>\n<meta name=\"description\" content=\"O movimento l\u00e9sbico holand\u00eas foi uma for\u00e7a motriz dentro do feminismo do pa\u00eds e entrou com for\u00e7a total na d\u00e9cada de 1970\" \/>\n<meta name=\"robots\" content=\"index, follow, max-snippet:-1, max-image-preview:large, max-video-preview:-1\" \/>\n<link rel=\"canonical\" href=\"https:\/\/old.mixbrasil.org.br\/28\/a-cidade-era-nossa-feminismo-radical-nos-anos-70\/\" \/>\n<meta property=\"og:locale\" content=\"en_US\" \/>\n<meta property=\"og:type\" content=\"article\" \/>\n<meta property=\"og:title\" content=\"A Cidade Era Nossa. Feminismo radical nos anos 70 - 28\u00ba Festival MixBrasil | 2020\" \/>\n<meta property=\"og:description\" content=\"O movimento l\u00e9sbico holand\u00eas foi uma for\u00e7a motriz dentro do feminismo do pa\u00eds e entrou com for\u00e7a total na d\u00e9cada de 1970\" \/>\n<meta property=\"og:url\" content=\"https:\/\/old.mixbrasil.org.br\/28\/a-cidade-era-nossa-feminismo-radical-nos-anos-70\/\" \/>\n<meta property=\"og:site_name\" content=\"28\u00ba Festival MixBrasil | 2020\" \/>\n<meta property=\"article:publisher\" content=\"https:\/\/facebook.com\/festivalmixbrasil\" \/>\n<meta property=\"article:published_time\" content=\"2020-11-01T01:15:40+00:00\" \/>\n<meta property=\"article:modified_time\" content=\"2020-11-17T13:45:58+00:00\" \/>\n<meta property=\"og:image\" content=\"https:\/\/old.mixbrasil.org.br\/28\/wp-content\/uploads\/2020\/10\/50506320993_3bc2ab84b1_c.jpg\" \/>\n\t<meta property=\"og:image:width\" content=\"799\" \/>\n\t<meta property=\"og:image:height\" content=\"584\" \/>\n\t<meta property=\"og:image:type\" content=\"image\/jpeg\" \/>\n<meta name=\"author\" content=\"Mixbrasil\" \/>\n<meta name=\"twitter:card\" content=\"summary_large_image\" \/>\n<meta name=\"twitter:creator\" content=\"@fmixbrasil\" \/>\n<meta name=\"twitter:site\" content=\"@fmixbrasil\" \/>\n<meta name=\"twitter:label1\" content=\"Written by\" \/>\n\t<meta name=\"twitter:data1\" content=\"Mixbrasil\" \/>\n\t<meta name=\"twitter:label2\" content=\"Est. reading time\" \/>\n\t<meta name=\"twitter:data2\" content=\"1 minute\" \/>\n<script type=\"application\/ld+json\" class=\"yoast-schema-graph\">{\"@context\":\"https:\\\/\\\/schema.org\",\"@graph\":[{\"@type\":\"Article\",\"@id\":\"https:\\\/\\\/old.mixbrasil.org.br\\\/28\\\/a-cidade-era-nossa-feminismo-radical-nos-anos-70\\\/#article\",\"isPartOf\":{\"@id\":\"https:\\\/\\\/old.mixbrasil.org.br\\\/28\\\/a-cidade-era-nossa-feminismo-radical-nos-anos-70\\\/\"},\"author\":{\"name\":\"Mixbrasil\",\"@id\":\"https:\\\/\\\/old.mixbrasil.org.br\\\/28\\\/#\\\/schema\\\/person\\\/d1f4d27dfb706e382e0d3c4a7721f25c\"},\"headline\":\"A Cidade Era Nossa. Feminismo radical nos anos 70\",\"datePublished\":\"2020-11-01T01:15:40+00:00\",\"dateModified\":\"2020-11-17T13:45:58+00:00\",\"mainEntityOfPage\":{\"@id\":\"https:\\\/\\\/old.mixbrasil.org.br\\\/28\\\/a-cidade-era-nossa-feminismo-radical-nos-anos-70\\\/\"},\"wordCount\":247,\"commentCount\":0,\"publisher\":{\"@id\":\"https:\\\/\\\/old.mixbrasil.org.br\\\/28\\\/#organization\"},\"image\":{\"@id\":\"https:\\\/\\\/old.mixbrasil.org.br\\\/28\\\/a-cidade-era-nossa-feminismo-radical-nos-anos-70\\\/#primaryimage\"},\"thumbnailUrl\":\"https:\\\/\\\/old.mixbrasil.org.br\\\/28\\\/wp-content\\\/uploads\\\/2020\\\/10\\\/50506320993_3bc2ab84b1_c.jpg\",\"articleSection\":[\"PANORAMA INTERNACIONAL\"],\"inLanguage\":\"en-US\",\"potentialAction\":[{\"@type\":\"CommentAction\",\"name\":\"Comment\",\"target\":[\"https:\\\/\\\/old.mixbrasil.org.br\\\/28\\\/a-cidade-era-nossa-feminismo-radical-nos-anos-70\\\/#respond\"]}]},{\"@type\":\"WebPage\",\"@id\":\"https:\\\/\\\/old.mixbrasil.org.br\\\/28\\\/a-cidade-era-nossa-feminismo-radical-nos-anos-70\\\/\",\"url\":\"https:\\\/\\\/old.mixbrasil.org.br\\\/28\\\/a-cidade-era-nossa-feminismo-radical-nos-anos-70\\\/\",\"name\":\"A Cidade Era Nossa. Feminismo radical nos anos 70 - 28\u00ba Festival MixBrasil | 2020\",\"isPartOf\":{\"@id\":\"https:\\\/\\\/old.mixbrasil.org.br\\\/28\\\/#website\"},\"primaryImageOfPage\":{\"@id\":\"https:\\\/\\\/old.mixbrasil.org.br\\\/28\\\/a-cidade-era-nossa-feminismo-radical-nos-anos-70\\\/#primaryimage\"},\"image\":{\"@id\":\"https:\\\/\\\/old.mixbrasil.org.br\\\/28\\\/a-cidade-era-nossa-feminismo-radical-nos-anos-70\\\/#primaryimage\"},\"thumbnailUrl\":\"https:\\\/\\\/old.mixbrasil.org.br\\\/28\\\/wp-content\\\/uploads\\\/2020\\\/10\\\/50506320993_3bc2ab84b1_c.jpg\",\"datePublished\":\"2020-11-01T01:15:40+00:00\",\"dateModified\":\"2020-11-17T13:45:58+00:00\",\"description\":\"O movimento l\u00e9sbico holand\u00eas foi uma for\u00e7a motriz dentro do feminismo do pa\u00eds e entrou com for\u00e7a total na d\u00e9cada de 1970\",\"breadcrumb\":{\"@id\":\"https:\\\/\\\/old.mixbrasil.org.br\\\/28\\\/a-cidade-era-nossa-feminismo-radical-nos-anos-70\\\/#breadcrumb\"},\"inLanguage\":\"en-US\",\"potentialAction\":[{\"@type\":\"ReadAction\",\"target\":[\"https:\\\/\\\/old.mixbrasil.org.br\\\/28\\\/a-cidade-era-nossa-feminismo-radical-nos-anos-70\\\/\"]}]},{\"@type\":\"ImageObject\",\"inLanguage\":\"en-US\",\"@id\":\"https:\\\/\\\/old.mixbrasil.org.br\\\/28\\\/a-cidade-era-nossa-feminismo-radical-nos-anos-70\\\/#primaryimage\",\"url\":\"https:\\\/\\\/old.mixbrasil.org.br\\\/28\\\/wp-content\\\/uploads\\\/2020\\\/10\\\/50506320993_3bc2ab84b1_c.jpg\",\"contentUrl\":\"https:\\\/\\\/old.mixbrasil.org.br\\\/28\\\/wp-content\\\/uploads\\\/2020\\\/10\\\/50506320993_3bc2ab84b1_c.jpg\",\"width\":799,\"height\":584},{\"@type\":\"BreadcrumbList\",\"@id\":\"https:\\\/\\\/old.mixbrasil.org.br\\\/28\\\/a-cidade-era-nossa-feminismo-radical-nos-anos-70\\\/#breadcrumb\",\"itemListElement\":[{\"@type\":\"ListItem\",\"position\":1,\"name\":\"In\u00edcio\",\"item\":\"https:\\\/\\\/old.mixbrasil.org.br\\\/28\\\/\"},{\"@type\":\"ListItem\",\"position\":2,\"name\":\"A Cidade Era Nossa. Feminismo radical nos anos 70\"}]},{\"@type\":\"WebSite\",\"@id\":\"https:\\\/\\\/old.mixbrasil.org.br\\\/28\\\/#website\",\"url\":\"https:\\\/\\\/old.mixbrasil.org.br\\\/28\\\/\",\"name\":\"Festival MixBrasil\",\"description\":\"O Maior Festival LGBTQ+ da Am\u00e9rica Latina\",\"publisher\":{\"@id\":\"https:\\\/\\\/old.mixbrasil.org.br\\\/28\\\/#organization\"},\"potentialAction\":[{\"@type\":\"SearchAction\",\"target\":{\"@type\":\"EntryPoint\",\"urlTemplate\":\"https:\\\/\\\/old.mixbrasil.org.br\\\/28\\\/?s={search_term_string}\"},\"query-input\":{\"@type\":\"PropertyValueSpecification\",\"valueRequired\":true,\"valueName\":\"search_term_string\"}}],\"inLanguage\":\"en-US\"},{\"@type\":\"Organization\",\"@id\":\"https:\\\/\\\/old.mixbrasil.org.br\\\/28\\\/#organization\",\"name\":\"Festival MixBrasil\",\"url\":\"https:\\\/\\\/old.mixbrasil.org.br\\\/28\\\/\",\"logo\":{\"@type\":\"ImageObject\",\"inLanguage\":\"en-US\",\"@id\":\"https:\\\/\\\/old.mixbrasil.org.br\\\/28\\\/#\\\/schema\\\/logo\\\/image\\\/\",\"url\":\"https:\\\/\\\/i0.wp.com\\\/www.mixbrasil.org.br\\\/28\\\/wp-content\\\/uploads\\\/2020\\\/10\\\/mix-br-Copia.png?fit=302%2C302&ssl=1\",\"contentUrl\":\"https:\\\/\\\/i0.wp.com\\\/www.mixbrasil.org.br\\\/28\\\/wp-content\\\/uploads\\\/2020\\\/10\\\/mix-br-Copia.png?fit=302%2C302&ssl=1\",\"width\":302,\"height\":302,\"caption\":\"Festival MixBrasil\"},\"image\":{\"@id\":\"https:\\\/\\\/old.mixbrasil.org.br\\\/28\\\/#\\\/schema\\\/logo\\\/image\\\/\"},\"sameAs\":[\"https:\\\/\\\/facebook.com\\\/festivalmixbrasil\",\"https:\\\/\\\/x.com\\\/fmixbrasil\",\"https:\\\/\\\/instagram.com\\\/festivalmixbrasil\",\"https:\\\/\\\/www.linkedin.com\\\/company\\\/festivalmixbrasil\",\"https:\\\/\\\/youtube.com\\\/fmixbrasil\",\"https:\\\/\\\/pt.wikipedia.org\\\/wiki\\\/Festival_Mix_Brasil_de_Cultura_da_Diversidade\"]},{\"@type\":\"Person\",\"@id\":\"https:\\\/\\\/old.mixbrasil.org.br\\\/28\\\/#\\\/schema\\\/person\\\/d1f4d27dfb706e382e0d3c4a7721f25c\",\"name\":\"Mixbrasil\",\"image\":{\"@type\":\"ImageObject\",\"inLanguage\":\"en-US\",\"@id\":\"https:\\\/\\\/secure.gravatar.com\\\/avatar\\\/b61feeddfc6c5350368dea2cc6bb1e8f93b6cc9f093afdcd02c326c839245eaf?s=96&d=mm&r=g\",\"url\":\"https:\\\/\\\/secure.gravatar.com\\\/avatar\\\/b61feeddfc6c5350368dea2cc6bb1e8f93b6cc9f093afdcd02c326c839245eaf?s=96&d=mm&r=g\",\"contentUrl\":\"https:\\\/\\\/secure.gravatar.com\\\/avatar\\\/b61feeddfc6c5350368dea2cc6bb1e8f93b6cc9f093afdcd02c326c839245eaf?s=96&d=mm&r=g\",\"caption\":\"Mixbrasil\"},\"url\":\"https:\\\/\\\/old.mixbrasil.org.br\\\/28\\\/author\\\/mixbrasil\\\/\"}]}<\/script>\n<!-- \/ Yoast SEO plugin. -->","yoast_head_json":{"title":"A Cidade Era Nossa. Feminismo radical nos anos 70 - 28\u00ba Festival MixBrasil | 2020","description":"O movimento l\u00e9sbico holand\u00eas foi uma for\u00e7a motriz dentro do feminismo do pa\u00eds e entrou com for\u00e7a total na d\u00e9cada de 1970","robots":{"index":"index","follow":"follow","max-snippet":"max-snippet:-1","max-image-preview":"max-image-preview:large","max-video-preview":"max-video-preview:-1"},"canonical":"https:\/\/old.mixbrasil.org.br\/28\/a-cidade-era-nossa-feminismo-radical-nos-anos-70\/","og_locale":"en_US","og_type":"article","og_title":"A Cidade Era Nossa. Feminismo radical nos anos 70 - 28\u00ba Festival MixBrasil | 2020","og_description":"O movimento l\u00e9sbico holand\u00eas foi uma for\u00e7a motriz dentro do feminismo do pa\u00eds e entrou com for\u00e7a total na d\u00e9cada de 1970","og_url":"https:\/\/old.mixbrasil.org.br\/28\/a-cidade-era-nossa-feminismo-radical-nos-anos-70\/","og_site_name":"28\u00ba Festival MixBrasil | 2020","article_publisher":"https:\/\/facebook.com\/festivalmixbrasil","article_published_time":"2020-11-01T01:15:40+00:00","article_modified_time":"2020-11-17T13:45:58+00:00","og_image":[{"width":799,"height":584,"url":"https:\/\/old.mixbrasil.org.br\/28\/wp-content\/uploads\/2020\/10\/50506320993_3bc2ab84b1_c.jpg","type":"image\/jpeg"}],"author":"Mixbrasil","twitter_card":"summary_large_image","twitter_creator":"@fmixbrasil","twitter_site":"@fmixbrasil","twitter_misc":{"Written by":"Mixbrasil","Est. reading time":"1 minute"},"schema":{"@context":"https:\/\/schema.org","@graph":[{"@type":"Article","@id":"https:\/\/old.mixbrasil.org.br\/28\/a-cidade-era-nossa-feminismo-radical-nos-anos-70\/#article","isPartOf":{"@id":"https:\/\/old.mixbrasil.org.br\/28\/a-cidade-era-nossa-feminismo-radical-nos-anos-70\/"},"author":{"name":"Mixbrasil","@id":"https:\/\/old.mixbrasil.org.br\/28\/#\/schema\/person\/d1f4d27dfb706e382e0d3c4a7721f25c"},"headline":"A Cidade Era Nossa. Feminismo radical nos anos 70","datePublished":"2020-11-01T01:15:40+00:00","dateModified":"2020-11-17T13:45:58+00:00","mainEntityOfPage":{"@id":"https:\/\/old.mixbrasil.org.br\/28\/a-cidade-era-nossa-feminismo-radical-nos-anos-70\/"},"wordCount":247,"commentCount":0,"publisher":{"@id":"https:\/\/old.mixbrasil.org.br\/28\/#organization"},"image":{"@id":"https:\/\/old.mixbrasil.org.br\/28\/a-cidade-era-nossa-feminismo-radical-nos-anos-70\/#primaryimage"},"thumbnailUrl":"https:\/\/old.mixbrasil.org.br\/28\/wp-content\/uploads\/2020\/10\/50506320993_3bc2ab84b1_c.jpg","articleSection":["PANORAMA INTERNACIONAL"],"inLanguage":"en-US","potentialAction":[{"@type":"CommentAction","name":"Comment","target":["https:\/\/old.mixbrasil.org.br\/28\/a-cidade-era-nossa-feminismo-radical-nos-anos-70\/#respond"]}]},{"@type":"WebPage","@id":"https:\/\/old.mixbrasil.org.br\/28\/a-cidade-era-nossa-feminismo-radical-nos-anos-70\/","url":"https:\/\/old.mixbrasil.org.br\/28\/a-cidade-era-nossa-feminismo-radical-nos-anos-70\/","name":"A Cidade Era Nossa. Feminismo radical nos anos 70 - 28\u00ba Festival MixBrasil | 2020","isPartOf":{"@id":"https:\/\/old.mixbrasil.org.br\/28\/#website"},"primaryImageOfPage":{"@id":"https:\/\/old.mixbrasil.org.br\/28\/a-cidade-era-nossa-feminismo-radical-nos-anos-70\/#primaryimage"},"image":{"@id":"https:\/\/old.mixbrasil.org.br\/28\/a-cidade-era-nossa-feminismo-radical-nos-anos-70\/#primaryimage"},"thumbnailUrl":"https:\/\/old.mixbrasil.org.br\/28\/wp-content\/uploads\/2020\/10\/50506320993_3bc2ab84b1_c.jpg","datePublished":"2020-11-01T01:15:40+00:00","dateModified":"2020-11-17T13:45:58+00:00","description":"O movimento l\u00e9sbico holand\u00eas foi uma for\u00e7a motriz dentro do feminismo do pa\u00eds e entrou com for\u00e7a total na d\u00e9cada de 1970","breadcrumb":{"@id":"https:\/\/old.mixbrasil.org.br\/28\/a-cidade-era-nossa-feminismo-radical-nos-anos-70\/#breadcrumb"},"inLanguage":"en-US","potentialAction":[{"@type":"ReadAction","target":["https:\/\/old.mixbrasil.org.br\/28\/a-cidade-era-nossa-feminismo-radical-nos-anos-70\/"]}]},{"@type":"ImageObject","inLanguage":"en-US","@id":"https:\/\/old.mixbrasil.org.br\/28\/a-cidade-era-nossa-feminismo-radical-nos-anos-70\/#primaryimage","url":"https:\/\/old.mixbrasil.org.br\/28\/wp-content\/uploads\/2020\/10\/50506320993_3bc2ab84b1_c.jpg","contentUrl":"https:\/\/old.mixbrasil.org.br\/28\/wp-content\/uploads\/2020\/10\/50506320993_3bc2ab84b1_c.jpg","width":799,"height":584},{"@type":"BreadcrumbList","@id":"https:\/\/old.mixbrasil.org.br\/28\/a-cidade-era-nossa-feminismo-radical-nos-anos-70\/#breadcrumb","itemListElement":[{"@type":"ListItem","position":1,"name":"In\u00edcio","item":"https:\/\/old.mixbrasil.org.br\/28\/"},{"@type":"ListItem","position":2,"name":"A Cidade Era Nossa. Feminismo radical nos anos 70"}]},{"@type":"WebSite","@id":"https:\/\/old.mixbrasil.org.br\/28\/#website","url":"https:\/\/old.mixbrasil.org.br\/28\/","name":"Festival MixBrasil","description":"O Maior Festival LGBTQ+ da Am\u00e9rica Latina","publisher":{"@id":"https:\/\/old.mixbrasil.org.br\/28\/#organization"},"potentialAction":[{"@type":"SearchAction","target":{"@type":"EntryPoint","urlTemplate":"https:\/\/old.mixbrasil.org.br\/28\/?s={search_term_string}"},"query-input":{"@type":"PropertyValueSpecification","valueRequired":true,"valueName":"search_term_string"}}],"inLanguage":"en-US"},{"@type":"Organization","@id":"https:\/\/old.mixbrasil.org.br\/28\/#organization","name":"Festival MixBrasil","url":"https:\/\/old.mixbrasil.org.br\/28\/","logo":{"@type":"ImageObject","inLanguage":"en-US","@id":"https:\/\/old.mixbrasil.org.br\/28\/#\/schema\/logo\/image\/","url":"https:\/\/i0.wp.com\/www.mixbrasil.org.br\/28\/wp-content\/uploads\/2020\/10\/mix-br-Copia.png?fit=302%2C302&ssl=1","contentUrl":"https:\/\/i0.wp.com\/www.mixbrasil.org.br\/28\/wp-content\/uploads\/2020\/10\/mix-br-Copia.png?fit=302%2C302&ssl=1","width":302,"height":302,"caption":"Festival MixBrasil"},"image":{"@id":"https:\/\/old.mixbrasil.org.br\/28\/#\/schema\/logo\/image\/"},"sameAs":["https:\/\/facebook.com\/festivalmixbrasil","https:\/\/x.com\/fmixbrasil","https:\/\/instagram.com\/festivalmixbrasil","https:\/\/www.linkedin.com\/company\/festivalmixbrasil","https:\/\/youtube.com\/fmixbrasil","https:\/\/pt.wikipedia.org\/wiki\/Festival_Mix_Brasil_de_Cultura_da_Diversidade"]},{"@type":"Person","@id":"https:\/\/old.mixbrasil.org.br\/28\/#\/schema\/person\/d1f4d27dfb706e382e0d3c4a7721f25c","name":"Mixbrasil","image":{"@type":"ImageObject","inLanguage":"en-US","@id":"https:\/\/secure.gravatar.com\/avatar\/b61feeddfc6c5350368dea2cc6bb1e8f93b6cc9f093afdcd02c326c839245eaf?s=96&d=mm&r=g","url":"https:\/\/secure.gravatar.com\/avatar\/b61feeddfc6c5350368dea2cc6bb1e8f93b6cc9f093afdcd02c326c839245eaf?s=96&d=mm&r=g","contentUrl":"https:\/\/secure.gravatar.com\/avatar\/b61feeddfc6c5350368dea2cc6bb1e8f93b6cc9f093afdcd02c326c839245eaf?s=96&d=mm&r=g","caption":"Mixbrasil"},"url":"https:\/\/old.mixbrasil.org.br\/28\/author\/mixbrasil\/"}]}},"_links":{"self":[{"href":"https:\/\/old.mixbrasil.org.br\/28\/wp-json\/wp\/v2\/posts\/43331","targetHints":{"allow":["GET"]}}],"collection":[{"href":"https:\/\/old.mixbrasil.org.br\/28\/wp-json\/wp\/v2\/posts"}],"about":[{"href":"https:\/\/old.mixbrasil.org.br\/28\/wp-json\/wp\/v2\/types\/post"}],"author":[{"embeddable":true,"href":"https:\/\/old.mixbrasil.org.br\/28\/wp-json\/wp\/v2\/users\/10"}],"replies":[{"embeddable":true,"href":"https:\/\/old.mixbrasil.org.br\/28\/wp-json\/wp\/v2\/comments?post=43331"}],"version-history":[{"count":5,"href":"https:\/\/old.mixbrasil.org.br\/28\/wp-json\/wp\/v2\/posts\/43331\/revisions"}],"predecessor-version":[{"id":45541,"href":"https:\/\/old.mixbrasil.org.br\/28\/wp-json\/wp\/v2\/posts\/43331\/revisions\/45541"}],"wp:featuredmedia":[{"embeddable":true,"href":"https:\/\/old.mixbrasil.org.br\/28\/wp-json\/wp\/v2\/media\/43332"}],"wp:attachment":[{"href":"https:\/\/old.mixbrasil.org.br\/28\/wp-json\/wp\/v2\/media?parent=43331"}],"wp:term":[{"taxonomy":"category","embeddable":true,"href":"https:\/\/old.mixbrasil.org.br\/28\/wp-json\/wp\/v2\/categories?post=43331"},{"taxonomy":"post_tag","embeddable":true,"href":"https:\/\/old.mixbrasil.org.br\/28\/wp-json\/wp\/v2\/tags?post=43331"}],"curies":[{"name":"wp","href":"https:\/\/api.w.org\/{rel}","templated":true}]}}