{"id":43343,"date":"2020-10-31T22:15:40","date_gmt":"2020-11-01T01:15:40","guid":{"rendered":"http:\/\/www.mixbrasil.org.br\/28\/?p=43343"},"modified":"2020-11-11T00:13:40","modified_gmt":"2020-11-11T03:13:40","slug":"a-morte-vira-e-levara-seus-olhos","status":"publish","type":"post","link":"https:\/\/old.mixbrasil.org.br\/28\/a-morte-vira-e-levara-seus-olhos\/","title":{"rendered":"A Morte Vir\u00e1 e Levar\u00e1 Seus Olhos"},"content":{"rendered":"<pre>12 at\u00e9 22\/11 @ <a href=\"https:\/\/innsaei.tv\/#\/\">InnSaei<\/a><\/pre>\n<p><a href=\"https:\/\/innsaei.tv\/#\/detalhes\/fe75f106-e726-4f04-af30-84adb0b02759\"><span class=\"td_btn td_btn_md td_shadow_btn\">CLIQUE AQUI PARA ASSISTIR<\/span><\/a><\/p>\n<p>Classifica\u00e7\u00e3o: Livre<\/p>\n<p style=\"text-align: justify;\"><strong>DIRE\u00c7\u00c3O:<\/strong> Jos\u00e9 Luis Torres Leiva<br \/>\n<strong>PA\u00cdS:<\/strong> Chile, Alemanha, Argentina<br \/>\n<strong>ANO:<\/strong> 2019<br \/>\n<strong>DURA\u00c7\u00c3O:<\/strong> 89&#8242;<\/p>\n<p style=\"text-align: justify;\">Elenco\/Cast: Amparo Noguera, Julieta Figueroa<br \/>\nRoteiro\/Screenplay: Jos\u00e9 Luis Torres Leiva<br \/>\nFotografia\/Cinematography: Cristian Soto<br \/>\nMontagem\/Editing: Andrea Chignoli, Jos\u00e9 Luis Torres Leiva<br \/>\nSom\/Sound: Claudio Vargas<br \/>\nArte\/Production Design: Catalina Devia<br \/>\nProdu\u00e7\u00e3o\/Production: Catalina Vergara, Paulo Carvalho, Constanza Sanz Palacios<\/p>\n<p><a href=\"https:\/\/www.youtube.com\/watch?v=5S-aIgPyuMs\">https:\/\/www.youtube.com\/watch?v=5S-aIgPyuMs<\/a><\/p>\n<p style=\"text-align: justify;\"><strong>SINOPSE:<\/strong> Duas mulheres que viveram a vida toda juntas se veem enfrentando a doen\u00e7a iminente de uma delas. A mulher enferma se nega a passar por qualquer tratamento, e elas se mudam para um chal\u00e9 na floresta para esperar que a morte chegue a suas vidas. Assim, elas v\u00e3o se dedicar novamente ao amor que o tempo e a rotina haviam sepultado. Pouco a pouco, elas fortalecem seu relacionamento, enquanto, l\u00e1 fora, a morte espera seu momento. Men\u00e7\u00e3o especial do J\u00fari em Mar del Plata, sele\u00e7\u00e3o oficial de San Sebasti\u00e1n, Roterd\u00e3 e da Viennale.<\/p>\n<p style=\"text-align: justify;\"><strong><img loading=\"lazy\" decoding=\"async\" class=\"alignright size-full wp-image-43346\" src=\"http:\/\/www.mixbrasil.org.br\/28\/wp-content\/uploads\/2020\/10\/50434322917_184ed6f435_w.jpg\" alt=\"\" width=\"400\" height=\"318\" srcset=\"https:\/\/old.mixbrasil.org.br\/28\/wp-content\/uploads\/2020\/10\/50434322917_184ed6f435_w.jpg 400w, https:\/\/old.mixbrasil.org.br\/28\/wp-content\/uploads\/2020\/10\/50434322917_184ed6f435_w-300x239.jpg 300w, https:\/\/old.mixbrasil.org.br\/28\/wp-content\/uploads\/2020\/10\/50434322917_184ed6f435_w-150x119.jpg 150w\" sizes=\"auto, (max-width: 400px) 100vw, 400px\" \/>Filmografia do diretor:<\/strong><\/p>\n<p style=\"text-align: left;\">2018 Sobre Cosas Que Me Han Pasado<br \/>\n2017 Todas las Cartas Que Nunca Envi\u00e9<br \/>\n2017 Nada Pertenece a la Memoria<br \/>\n2017 Contra Todos los Males del Mundo<br \/>\n2017 El Sue\u00f1o de Ana<br \/>\n2016 Los So\u00f1adores<br \/>\n2016 El Viento Sabe Que Vuelvo a Casa<br \/>\n2013 11 Habitaciones en Ant\u00e1rtica<br \/>\n2013 El Brazo de Sandow<br \/>\n2013 Ver y Escuchar<br \/>\n2013 \u00bfQu\u00e9 Historia Es Esta y Cu\u00e1l Es Su Final?<br \/>\n2011 Verano<br \/>\n2010 Nocturno. Leo Quinteros<br \/>\n2010 Tres Semanas Despu\u00e9s<br \/>\n2009 Primer D\u00eda de Invierno<br \/>\n2008 Trance (1-10)<br \/>\n2008 El Cielo, la Tierra y la Lluvia<br \/>\n2007 El Tiempo Que Se Queda<br \/>\n2005 Obreras Saliendo de la F\u00e1brica<br \/>\n2004 El Mal<br \/>\n2004 Ning\u00fan Lugar en Ninguna Parte<br \/>\n2003 No Tengo Nada Que Decir<br \/>\n2002 Confesiones de un Caballo Suicida<\/p>\n","protected":false},"excerpt":{"rendered":"<p>Duas mulheres que viveram a vida toda juntas se veem enfretando a doen\u00e7a iminente de uma delas<\/p>\n","protected":false},"author":10,"featured_media":43344,"comment_status":"open","ping_status":"open","sticky":false,"template":"","format":"standard","meta":{"footnotes":""},"categories":[367],"tags":[],"class_list":{"0":"post-43343","1":"post","2":"type-post","3":"status-publish","4":"format-standard","5":"has-post-thumbnail","7":"category-panorama-internacional"},"yoast_head":"<!-- This site is optimized with the Yoast SEO plugin v27.5 - https:\/\/yoast.com\/product\/yoast-seo-wordpress\/ -->\n<title>A Morte Vir\u00e1 e Levar\u00e1 Seus Olhos - 28\u00ba Festival MixBrasil | 2020<\/title>\n<meta name=\"description\" content=\"Duas mulheres que viveram a vida toda juntas se veem enfretando a doen\u00e7a iminente de uma delas\" \/>\n<meta name=\"robots\" content=\"index, follow, max-snippet:-1, max-image-preview:large, max-video-preview:-1\" \/>\n<link rel=\"canonical\" href=\"https:\/\/old.mixbrasil.org.br\/28\/a-morte-vira-e-levara-seus-olhos\/\" \/>\n<meta property=\"og:locale\" content=\"en_US\" \/>\n<meta property=\"og:type\" content=\"article\" \/>\n<meta property=\"og:title\" content=\"A Morte Vir\u00e1 e Levar\u00e1 Seus Olhos - 28\u00ba Festival MixBrasil | 2020\" \/>\n<meta property=\"og:description\" content=\"Duas mulheres que viveram a vida toda juntas se veem enfretando a doen\u00e7a iminente de uma delas\" \/>\n<meta property=\"og:url\" content=\"https:\/\/old.mixbrasil.org.br\/28\/a-morte-vira-e-levara-seus-olhos\/\" \/>\n<meta property=\"og:site_name\" content=\"28\u00ba Festival MixBrasil | 2020\" \/>\n<meta property=\"article:publisher\" content=\"https:\/\/facebook.com\/festivalmixbrasil\" \/>\n<meta property=\"article:published_time\" content=\"2020-11-01T01:15:40+00:00\" \/>\n<meta property=\"article:modified_time\" content=\"2020-11-11T03:13:40+00:00\" \/>\n<meta property=\"og:image\" content=\"https:\/\/old.mixbrasil.org.br\/28\/wp-content\/uploads\/2020\/10\/50406850382_26d31b132f_c.jpg\" \/>\n\t<meta property=\"og:image:width\" content=\"800\" \/>\n\t<meta property=\"og:image:height\" content=\"334\" \/>\n\t<meta property=\"og:image:type\" content=\"image\/jpeg\" \/>\n<meta name=\"author\" content=\"Mixbrasil\" \/>\n<meta name=\"twitter:card\" content=\"summary_large_image\" \/>\n<meta name=\"twitter:creator\" content=\"@fmixbrasil\" \/>\n<meta name=\"twitter:site\" content=\"@fmixbrasil\" \/>\n<meta name=\"twitter:label1\" content=\"Written by\" \/>\n\t<meta name=\"twitter:data1\" content=\"Mixbrasil\" \/>\n\t<meta name=\"twitter:label2\" content=\"Est. reading time\" \/>\n\t<meta name=\"twitter:data2\" content=\"1 minute\" \/>\n<script type=\"application\/ld+json\" class=\"yoast-schema-graph\">{\"@context\":\"https:\\\/\\\/schema.org\",\"@graph\":[{\"@type\":\"Article\",\"@id\":\"https:\\\/\\\/old.mixbrasil.org.br\\\/28\\\/a-morte-vira-e-levara-seus-olhos\\\/#article\",\"isPartOf\":{\"@id\":\"https:\\\/\\\/old.mixbrasil.org.br\\\/28\\\/a-morte-vira-e-levara-seus-olhos\\\/\"},\"author\":{\"name\":\"Mixbrasil\",\"@id\":\"https:\\\/\\\/old.mixbrasil.org.br\\\/28\\\/#\\\/schema\\\/person\\\/d1f4d27dfb706e382e0d3c4a7721f25c\"},\"headline\":\"A Morte Vir\u00e1 e Levar\u00e1 Seus Olhos\",\"datePublished\":\"2020-11-01T01:15:40+00:00\",\"dateModified\":\"2020-11-11T03:13:40+00:00\",\"mainEntityOfPage\":{\"@id\":\"https:\\\/\\\/old.mixbrasil.org.br\\\/28\\\/a-morte-vira-e-levara-seus-olhos\\\/\"},\"wordCount\":293,\"commentCount\":0,\"publisher\":{\"@id\":\"https:\\\/\\\/old.mixbrasil.org.br\\\/28\\\/#organization\"},\"image\":{\"@id\":\"https:\\\/\\\/old.mixbrasil.org.br\\\/28\\\/a-morte-vira-e-levara-seus-olhos\\\/#primaryimage\"},\"thumbnailUrl\":\"https:\\\/\\\/old.mixbrasil.org.br\\\/28\\\/wp-content\\\/uploads\\\/2020\\\/10\\\/50406850382_26d31b132f_c.jpg\",\"articleSection\":[\"PANORAMA INTERNACIONAL\"],\"inLanguage\":\"en-US\",\"potentialAction\":[{\"@type\":\"CommentAction\",\"name\":\"Comment\",\"target\":[\"https:\\\/\\\/old.mixbrasil.org.br\\\/28\\\/a-morte-vira-e-levara-seus-olhos\\\/#respond\"]}]},{\"@type\":\"WebPage\",\"@id\":\"https:\\\/\\\/old.mixbrasil.org.br\\\/28\\\/a-morte-vira-e-levara-seus-olhos\\\/\",\"url\":\"https:\\\/\\\/old.mixbrasil.org.br\\\/28\\\/a-morte-vira-e-levara-seus-olhos\\\/\",\"name\":\"A Morte Vir\u00e1 e Levar\u00e1 Seus Olhos - 28\u00ba Festival MixBrasil | 2020\",\"isPartOf\":{\"@id\":\"https:\\\/\\\/old.mixbrasil.org.br\\\/28\\\/#website\"},\"primaryImageOfPage\":{\"@id\":\"https:\\\/\\\/old.mixbrasil.org.br\\\/28\\\/a-morte-vira-e-levara-seus-olhos\\\/#primaryimage\"},\"image\":{\"@id\":\"https:\\\/\\\/old.mixbrasil.org.br\\\/28\\\/a-morte-vira-e-levara-seus-olhos\\\/#primaryimage\"},\"thumbnailUrl\":\"https:\\\/\\\/old.mixbrasil.org.br\\\/28\\\/wp-content\\\/uploads\\\/2020\\\/10\\\/50406850382_26d31b132f_c.jpg\",\"datePublished\":\"2020-11-01T01:15:40+00:00\",\"dateModified\":\"2020-11-11T03:13:40+00:00\",\"description\":\"Duas mulheres que viveram a vida toda juntas se veem enfretando a doen\u00e7a iminente de uma delas\",\"breadcrumb\":{\"@id\":\"https:\\\/\\\/old.mixbrasil.org.br\\\/28\\\/a-morte-vira-e-levara-seus-olhos\\\/#breadcrumb\"},\"inLanguage\":\"en-US\",\"potentialAction\":[{\"@type\":\"ReadAction\",\"target\":[\"https:\\\/\\\/old.mixbrasil.org.br\\\/28\\\/a-morte-vira-e-levara-seus-olhos\\\/\"]}]},{\"@type\":\"ImageObject\",\"inLanguage\":\"en-US\",\"@id\":\"https:\\\/\\\/old.mixbrasil.org.br\\\/28\\\/a-morte-vira-e-levara-seus-olhos\\\/#primaryimage\",\"url\":\"https:\\\/\\\/old.mixbrasil.org.br\\\/28\\\/wp-content\\\/uploads\\\/2020\\\/10\\\/50406850382_26d31b132f_c.jpg\",\"contentUrl\":\"https:\\\/\\\/old.mixbrasil.org.br\\\/28\\\/wp-content\\\/uploads\\\/2020\\\/10\\\/50406850382_26d31b132f_c.jpg\",\"width\":800,\"height\":334},{\"@type\":\"BreadcrumbList\",\"@id\":\"https:\\\/\\\/old.mixbrasil.org.br\\\/28\\\/a-morte-vira-e-levara-seus-olhos\\\/#breadcrumb\",\"itemListElement\":[{\"@type\":\"ListItem\",\"position\":1,\"name\":\"In\u00edcio\",\"item\":\"https:\\\/\\\/old.mixbrasil.org.br\\\/28\\\/\"},{\"@type\":\"ListItem\",\"position\":2,\"name\":\"A Morte Vir\u00e1 e Levar\u00e1 Seus Olhos\"}]},{\"@type\":\"WebSite\",\"@id\":\"https:\\\/\\\/old.mixbrasil.org.br\\\/28\\\/#website\",\"url\":\"https:\\\/\\\/old.mixbrasil.org.br\\\/28\\\/\",\"name\":\"Festival MixBrasil\",\"description\":\"O Maior Festival LGBTQ+ da Am\u00e9rica Latina\",\"publisher\":{\"@id\":\"https:\\\/\\\/old.mixbrasil.org.br\\\/28\\\/#organization\"},\"potentialAction\":[{\"@type\":\"SearchAction\",\"target\":{\"@type\":\"EntryPoint\",\"urlTemplate\":\"https:\\\/\\\/old.mixbrasil.org.br\\\/28\\\/?s={search_term_string}\"},\"query-input\":{\"@type\":\"PropertyValueSpecification\",\"valueRequired\":true,\"valueName\":\"search_term_string\"}}],\"inLanguage\":\"en-US\"},{\"@type\":\"Organization\",\"@id\":\"https:\\\/\\\/old.mixbrasil.org.br\\\/28\\\/#organization\",\"name\":\"Festival MixBrasil\",\"url\":\"https:\\\/\\\/old.mixbrasil.org.br\\\/28\\\/\",\"logo\":{\"@type\":\"ImageObject\",\"inLanguage\":\"en-US\",\"@id\":\"https:\\\/\\\/old.mixbrasil.org.br\\\/28\\\/#\\\/schema\\\/logo\\\/image\\\/\",\"url\":\"https:\\\/\\\/i0.wp.com\\\/www.mixbrasil.org.br\\\/28\\\/wp-content\\\/uploads\\\/2020\\\/10\\\/mix-br-Copia.png?fit=302%2C302&ssl=1\",\"contentUrl\":\"https:\\\/\\\/i0.wp.com\\\/www.mixbrasil.org.br\\\/28\\\/wp-content\\\/uploads\\\/2020\\\/10\\\/mix-br-Copia.png?fit=302%2C302&ssl=1\",\"width\":302,\"height\":302,\"caption\":\"Festival MixBrasil\"},\"image\":{\"@id\":\"https:\\\/\\\/old.mixbrasil.org.br\\\/28\\\/#\\\/schema\\\/logo\\\/image\\\/\"},\"sameAs\":[\"https:\\\/\\\/facebook.com\\\/festivalmixbrasil\",\"https:\\\/\\\/x.com\\\/fmixbrasil\",\"https:\\\/\\\/instagram.com\\\/festivalmixbrasil\",\"https:\\\/\\\/www.linkedin.com\\\/company\\\/festivalmixbrasil\",\"https:\\\/\\\/youtube.com\\\/fmixbrasil\",\"https:\\\/\\\/pt.wikipedia.org\\\/wiki\\\/Festival_Mix_Brasil_de_Cultura_da_Diversidade\"]},{\"@type\":\"Person\",\"@id\":\"https:\\\/\\\/old.mixbrasil.org.br\\\/28\\\/#\\\/schema\\\/person\\\/d1f4d27dfb706e382e0d3c4a7721f25c\",\"name\":\"Mixbrasil\",\"image\":{\"@type\":\"ImageObject\",\"inLanguage\":\"en-US\",\"@id\":\"https:\\\/\\\/secure.gravatar.com\\\/avatar\\\/b61feeddfc6c5350368dea2cc6bb1e8f93b6cc9f093afdcd02c326c839245eaf?s=96&d=mm&r=g\",\"url\":\"https:\\\/\\\/secure.gravatar.com\\\/avatar\\\/b61feeddfc6c5350368dea2cc6bb1e8f93b6cc9f093afdcd02c326c839245eaf?s=96&d=mm&r=g\",\"contentUrl\":\"https:\\\/\\\/secure.gravatar.com\\\/avatar\\\/b61feeddfc6c5350368dea2cc6bb1e8f93b6cc9f093afdcd02c326c839245eaf?s=96&d=mm&r=g\",\"caption\":\"Mixbrasil\"},\"url\":\"https:\\\/\\\/old.mixbrasil.org.br\\\/28\\\/author\\\/mixbrasil\\\/\"}]}<\/script>\n<!-- \/ Yoast SEO plugin. -->","yoast_head_json":{"title":"A Morte Vir\u00e1 e Levar\u00e1 Seus Olhos - 28\u00ba Festival MixBrasil | 2020","description":"Duas mulheres que viveram a vida toda juntas se veem enfretando a doen\u00e7a iminente de uma delas","robots":{"index":"index","follow":"follow","max-snippet":"max-snippet:-1","max-image-preview":"max-image-preview:large","max-video-preview":"max-video-preview:-1"},"canonical":"https:\/\/old.mixbrasil.org.br\/28\/a-morte-vira-e-levara-seus-olhos\/","og_locale":"en_US","og_type":"article","og_title":"A Morte Vir\u00e1 e Levar\u00e1 Seus Olhos - 28\u00ba Festival MixBrasil | 2020","og_description":"Duas mulheres que viveram a vida toda juntas se veem enfretando a doen\u00e7a iminente de uma delas","og_url":"https:\/\/old.mixbrasil.org.br\/28\/a-morte-vira-e-levara-seus-olhos\/","og_site_name":"28\u00ba Festival MixBrasil | 2020","article_publisher":"https:\/\/facebook.com\/festivalmixbrasil","article_published_time":"2020-11-01T01:15:40+00:00","article_modified_time":"2020-11-11T03:13:40+00:00","og_image":[{"width":800,"height":334,"url":"https:\/\/old.mixbrasil.org.br\/28\/wp-content\/uploads\/2020\/10\/50406850382_26d31b132f_c.jpg","type":"image\/jpeg"}],"author":"Mixbrasil","twitter_card":"summary_large_image","twitter_creator":"@fmixbrasil","twitter_site":"@fmixbrasil","twitter_misc":{"Written by":"Mixbrasil","Est. reading time":"1 minute"},"schema":{"@context":"https:\/\/schema.org","@graph":[{"@type":"Article","@id":"https:\/\/old.mixbrasil.org.br\/28\/a-morte-vira-e-levara-seus-olhos\/#article","isPartOf":{"@id":"https:\/\/old.mixbrasil.org.br\/28\/a-morte-vira-e-levara-seus-olhos\/"},"author":{"name":"Mixbrasil","@id":"https:\/\/old.mixbrasil.org.br\/28\/#\/schema\/person\/d1f4d27dfb706e382e0d3c4a7721f25c"},"headline":"A Morte Vir\u00e1 e Levar\u00e1 Seus Olhos","datePublished":"2020-11-01T01:15:40+00:00","dateModified":"2020-11-11T03:13:40+00:00","mainEntityOfPage":{"@id":"https:\/\/old.mixbrasil.org.br\/28\/a-morte-vira-e-levara-seus-olhos\/"},"wordCount":293,"commentCount":0,"publisher":{"@id":"https:\/\/old.mixbrasil.org.br\/28\/#organization"},"image":{"@id":"https:\/\/old.mixbrasil.org.br\/28\/a-morte-vira-e-levara-seus-olhos\/#primaryimage"},"thumbnailUrl":"https:\/\/old.mixbrasil.org.br\/28\/wp-content\/uploads\/2020\/10\/50406850382_26d31b132f_c.jpg","articleSection":["PANORAMA INTERNACIONAL"],"inLanguage":"en-US","potentialAction":[{"@type":"CommentAction","name":"Comment","target":["https:\/\/old.mixbrasil.org.br\/28\/a-morte-vira-e-levara-seus-olhos\/#respond"]}]},{"@type":"WebPage","@id":"https:\/\/old.mixbrasil.org.br\/28\/a-morte-vira-e-levara-seus-olhos\/","url":"https:\/\/old.mixbrasil.org.br\/28\/a-morte-vira-e-levara-seus-olhos\/","name":"A Morte Vir\u00e1 e Levar\u00e1 Seus Olhos - 28\u00ba Festival MixBrasil | 2020","isPartOf":{"@id":"https:\/\/old.mixbrasil.org.br\/28\/#website"},"primaryImageOfPage":{"@id":"https:\/\/old.mixbrasil.org.br\/28\/a-morte-vira-e-levara-seus-olhos\/#primaryimage"},"image":{"@id":"https:\/\/old.mixbrasil.org.br\/28\/a-morte-vira-e-levara-seus-olhos\/#primaryimage"},"thumbnailUrl":"https:\/\/old.mixbrasil.org.br\/28\/wp-content\/uploads\/2020\/10\/50406850382_26d31b132f_c.jpg","datePublished":"2020-11-01T01:15:40+00:00","dateModified":"2020-11-11T03:13:40+00:00","description":"Duas mulheres que viveram a vida toda juntas se veem enfretando a doen\u00e7a iminente de uma delas","breadcrumb":{"@id":"https:\/\/old.mixbrasil.org.br\/28\/a-morte-vira-e-levara-seus-olhos\/#breadcrumb"},"inLanguage":"en-US","potentialAction":[{"@type":"ReadAction","target":["https:\/\/old.mixbrasil.org.br\/28\/a-morte-vira-e-levara-seus-olhos\/"]}]},{"@type":"ImageObject","inLanguage":"en-US","@id":"https:\/\/old.mixbrasil.org.br\/28\/a-morte-vira-e-levara-seus-olhos\/#primaryimage","url":"https:\/\/old.mixbrasil.org.br\/28\/wp-content\/uploads\/2020\/10\/50406850382_26d31b132f_c.jpg","contentUrl":"https:\/\/old.mixbrasil.org.br\/28\/wp-content\/uploads\/2020\/10\/50406850382_26d31b132f_c.jpg","width":800,"height":334},{"@type":"BreadcrumbList","@id":"https:\/\/old.mixbrasil.org.br\/28\/a-morte-vira-e-levara-seus-olhos\/#breadcrumb","itemListElement":[{"@type":"ListItem","position":1,"name":"In\u00edcio","item":"https:\/\/old.mixbrasil.org.br\/28\/"},{"@type":"ListItem","position":2,"name":"A Morte Vir\u00e1 e Levar\u00e1 Seus Olhos"}]},{"@type":"WebSite","@id":"https:\/\/old.mixbrasil.org.br\/28\/#website","url":"https:\/\/old.mixbrasil.org.br\/28\/","name":"Festival MixBrasil","description":"O Maior Festival LGBTQ+ da Am\u00e9rica Latina","publisher":{"@id":"https:\/\/old.mixbrasil.org.br\/28\/#organization"},"potentialAction":[{"@type":"SearchAction","target":{"@type":"EntryPoint","urlTemplate":"https:\/\/old.mixbrasil.org.br\/28\/?s={search_term_string}"},"query-input":{"@type":"PropertyValueSpecification","valueRequired":true,"valueName":"search_term_string"}}],"inLanguage":"en-US"},{"@type":"Organization","@id":"https:\/\/old.mixbrasil.org.br\/28\/#organization","name":"Festival MixBrasil","url":"https:\/\/old.mixbrasil.org.br\/28\/","logo":{"@type":"ImageObject","inLanguage":"en-US","@id":"https:\/\/old.mixbrasil.org.br\/28\/#\/schema\/logo\/image\/","url":"https:\/\/i0.wp.com\/www.mixbrasil.org.br\/28\/wp-content\/uploads\/2020\/10\/mix-br-Copia.png?fit=302%2C302&ssl=1","contentUrl":"https:\/\/i0.wp.com\/www.mixbrasil.org.br\/28\/wp-content\/uploads\/2020\/10\/mix-br-Copia.png?fit=302%2C302&ssl=1","width":302,"height":302,"caption":"Festival MixBrasil"},"image":{"@id":"https:\/\/old.mixbrasil.org.br\/28\/#\/schema\/logo\/image\/"},"sameAs":["https:\/\/facebook.com\/festivalmixbrasil","https:\/\/x.com\/fmixbrasil","https:\/\/instagram.com\/festivalmixbrasil","https:\/\/www.linkedin.com\/company\/festivalmixbrasil","https:\/\/youtube.com\/fmixbrasil","https:\/\/pt.wikipedia.org\/wiki\/Festival_Mix_Brasil_de_Cultura_da_Diversidade"]},{"@type":"Person","@id":"https:\/\/old.mixbrasil.org.br\/28\/#\/schema\/person\/d1f4d27dfb706e382e0d3c4a7721f25c","name":"Mixbrasil","image":{"@type":"ImageObject","inLanguage":"en-US","@id":"https:\/\/secure.gravatar.com\/avatar\/b61feeddfc6c5350368dea2cc6bb1e8f93b6cc9f093afdcd02c326c839245eaf?s=96&d=mm&r=g","url":"https:\/\/secure.gravatar.com\/avatar\/b61feeddfc6c5350368dea2cc6bb1e8f93b6cc9f093afdcd02c326c839245eaf?s=96&d=mm&r=g","contentUrl":"https:\/\/secure.gravatar.com\/avatar\/b61feeddfc6c5350368dea2cc6bb1e8f93b6cc9f093afdcd02c326c839245eaf?s=96&d=mm&r=g","caption":"Mixbrasil"},"url":"https:\/\/old.mixbrasil.org.br\/28\/author\/mixbrasil\/"}]}},"_links":{"self":[{"href":"https:\/\/old.mixbrasil.org.br\/28\/wp-json\/wp\/v2\/posts\/43343","targetHints":{"allow":["GET"]}}],"collection":[{"href":"https:\/\/old.mixbrasil.org.br\/28\/wp-json\/wp\/v2\/posts"}],"about":[{"href":"https:\/\/old.mixbrasil.org.br\/28\/wp-json\/wp\/v2\/types\/post"}],"author":[{"embeddable":true,"href":"https:\/\/old.mixbrasil.org.br\/28\/wp-json\/wp\/v2\/users\/10"}],"replies":[{"embeddable":true,"href":"https:\/\/old.mixbrasil.org.br\/28\/wp-json\/wp\/v2\/comments?post=43343"}],"version-history":[{"count":5,"href":"https:\/\/old.mixbrasil.org.br\/28\/wp-json\/wp\/v2\/posts\/43343\/revisions"}],"predecessor-version":[{"id":45186,"href":"https:\/\/old.mixbrasil.org.br\/28\/wp-json\/wp\/v2\/posts\/43343\/revisions\/45186"}],"wp:featuredmedia":[{"embeddable":true,"href":"https:\/\/old.mixbrasil.org.br\/28\/wp-json\/wp\/v2\/media\/43344"}],"wp:attachment":[{"href":"https:\/\/old.mixbrasil.org.br\/28\/wp-json\/wp\/v2\/media?parent=43343"}],"wp:term":[{"taxonomy":"category","embeddable":true,"href":"https:\/\/old.mixbrasil.org.br\/28\/wp-json\/wp\/v2\/categories?post=43343"},{"taxonomy":"post_tag","embeddable":true,"href":"https:\/\/old.mixbrasil.org.br\/28\/wp-json\/wp\/v2\/tags?post=43343"}],"curies":[{"name":"wp","href":"https:\/\/api.w.org\/{rel}","templated":true}]}}